{"id":615873,"date":"2025-12-22T13:28:16","date_gmt":"2025-12-22T13:28:16","guid":{"rendered":"https:\/\/www.europesays.com\/fr\/615873\/"},"modified":"2025-12-22T13:28:16","modified_gmt":"2025-12-22T13:28:16","slug":"coupe-de-france-bayeux-olympique-de-marseille-tout-savoir-sur-le-choc-des-16e-de-finale","status":"publish","type":"post","link":"https:\/\/www.europesays.com\/fr\/615873\/","title":{"rendered":"Coupe de France. Bayeux &#8211; Olympique de Marseille : tout savoir sur le choc des 16e de finale\u00a0!"},"content":{"rendered":"<p>                    Par<br \/>\n        <strong><br \/>\n            <a href=\"https:\/\/actu.fr\/auteur\/frederic-bourgeois\" title=\"Consulter tous les articles de Fr\u00e9d\u00e9ric Bourgeois\" target=\"_blank\" rel=\"noopener\">Fr\u00e9d\u00e9ric Bourgeois<\/a><br \/>\n                    <\/strong><\/p>\n<p>        Publi\u00e9 le<\/p>\n<p>            22 d\u00e9c. 2025 \u00e0 14h12        <\/p>\n<p>Vainqueur du Blois Football 41 (N2), samedi 20 d\u00e9cembre 2025, le <b>Bayeux FC (R1) <\/b>a obtenu son billet pour les <b>16e de finale de la Coupe de France<\/b> de football. <b>Et \u00e0 force d\u2019empiler les exploits<\/b>, avec des victoires sur Caucriauville (N3) et le SM Caen (National), les Bayeusains<b> ont fini par \u00eatre r\u00e9compens\u00e9s.<\/b><\/p>\n<p class=\" wall-content\">Le P\u00e8re No\u00ebl est pass\u00e9 deux fois ce week-end : <a href=\"https:\/\/actu.fr\/normandie\/bayeux_14047\/coupe-de-france-de-football-les-joueurs-du-bayeux-fc-ont-fait-leur-arrivee-au-stade-henry-jeanne_63605383.html\" target=\"_blank\" rel=\"noopener\">la qualification en 16e le samedi<\/a>, <a href=\"https:\/\/actu.fr\/normandie\/bayeux_14047\/coupe-de-france-de-football-bayeux-tire-le-gros-lot-et-va-affronter-lolympique-de-marseille-en-16e_63607990.html\" target=\"_blank\" rel=\"noopener\">le tirage de r\u00eave le dimanche<\/a> puisque <b>les deux premi\u00e8res boules tir\u00e9es au sort<\/b> renfermaient les noms de <b>l\u2019Olympique de Marseille (L1) et du Bayeux FC (R1).<\/b><b\/><\/p>\n<p>Rendez-vous \u00e0 d\u2019Ornano le 13 janvier 2026<br \/>\n    <img   decoding=\"async\" loading=\"lazy\" class=\"size-large\" src=\"https:\/\/www.europesays.com\/fr\/wp-content\/uploads\/2025\/12\/32aa18163949676aa181639495aaa1v-960x640.jpg\" alt=\"Luis Ferreira-Pavesi, le pr\u00e9sident du Bayeux FC, vit un r\u00eave \u00e9veill\u00e9 \u00e0 la t\u00eate du club de R\u00e9gional 1 qui \u00e9crit sa plus belle histoire en Coupe de France.\" width=\"960\" height=\"640\"\/><br \/>\n    Luis Ferreira-Pavesi, le pr\u00e9sident du Bayeux FC, vit un r\u00eave \u00e9veill\u00e9 \u00e0 la t\u00eate du club de R\u00e9gional 1 qui \u00e9crit sa plus belle histoire en Coupe de France. \u00a9Fr\u00e9d\u00e9ric BOURGEOIS<\/p>\n<p class=\" wall-content\">C\u2019est officiel, le Stade Malherbe de Caen, club qui a la gestion du stade Michel-d\u2019Ornano, a donn\u00e9 son accord pour que la rencontre opposant le BFC \u00e0 l\u2019OM se d\u00e9roule sur sa pelouse.\u00a0<\/p>\n<p class=\" wall-content\">\u00ab\u00a0Les 16es de finale de la 109e \u00e9dition de la Coupe de France Cr\u00e9dit Agricole, dont le tirage au sort a \u00e9t\u00e9 effectu\u00e9 dimanche soir \u00e0 l\u2019issue des 32es de finale de la comp\u00e9tition, se disputeront sur quatre jours, du samedi 10 au mardi 13 janvier prochain\u00a0\u00bb, <a href=\"https:\/\/www.fff.fr\/article\/16002-16es-de-finale-le-programme-tv.html\" target=\"_blank\" rel=\"noopener\">annonce la FFF sur son site Internet<\/a>. \u00ab\u00a0Appel\u00e9s \u00e0 jouer le Troph\u00e9e des Champions 2025 le 8 janvier au Koweit, le Paris SG (tenant de la Coupe) et Marseille seront en lice le lundi 12 et le mardi 13 janvier, respectivement.\u00a0\u00bb\u00a0<\/p>\n<p>\u00ab\u00a0On passe dans une autre dimension\u00a0\u00bb<br \/>\n    <img   decoding=\"async\" loading=\"lazy\" class=\"size-large\" src=\"https:\/\/www.europesays.com\/fr\/wp-content\/uploads\/2025\/12\/ff34a71639496f444a71639490944av-960x640.jpg\" alt=\"Le groupe du Bayeux FC align\u00e9 face au Blois Football 41, samedi 20 d\u00e9cembre 2025, lors du 32e de finale de la Coupe de France.\" width=\"960\" height=\"640\"\/><br \/>\n    Le groupe du Bayeux FC align\u00e9 face au Blois Football 41, samedi 20 d\u00e9cembre 2025, lors du 32e de finale de la Coupe de France. \u00a9Fr\u00e9d\u00e9ric BOURGEOISVid\u00e9os : en ce moment sur Actu<\/p>\n<p class=\" wall-content\"><b>Le Bayeux FC jouera donc mardi 13 janvier 2026<\/b>, \u00ab\u00a0\u00e0 21 h, juste apr\u00e8s le tirage au sort des 8e de finale\u00a0\u00bb, pr\u00e9cise son pr\u00e9sident, <a href=\"https:\/\/actu.fr\/normandie\/bayeux_14047\/coupe-de-france-luis-ferreira-pavesi-je-vis-quelque-chose-dextraordinaire-avec-le-bayeux-fc_63603441.html\" target=\"_blank\" rel=\"noopener\">Luis Ferreira-Pavesi <\/a>qui, au lendemain du tirage au sort, a encore \u00ab\u00a0des \u00e9toiles dans les yeux\u00a0\u00bb. Mais pas le temps de souffler puisqu\u2019il travaille avec les \u00e9quipes du SMC \u00e0 l\u2019organisation <b>de ce choc Bayeux \u2013 OM. <\/b><\/p>\n<p class=\" wall-content\">\u00ab\u00a0C\u2019est une d\u00e9couverte ! Les \u00e9quipes de Malherbe, qui sont en vacances normalement, travaillent pour nous. C\u2019est la force de notre partenariat, mais surtout du respect mutuel entre les deux clubs\u00a0\u00bb, appr\u00e9cie <b>Luis Ferreira-Pavesi.<\/b> \u00ab\u00a0Depuis ce lundi matin, le t\u00e9l\u00e9phone n\u2019arr\u00eate pas de sonner. Heureusement, mon boss a accept\u00e9 que je pose des cong\u00e9s pour m\u2019atteler \u00e0 tout cela parce que l\u2019on passe vraiment dans une autre dimension.\u00a0\u00bb\u00a0<\/p>\n<p>Votre r\u00e9gion, votre actu !<\/p>\n<p>Recevez chaque jour les infos qui comptent pour vous.<\/p>\n<p>\t<a href=\"https:\/\/actu.fr\/newsletter\" class=\"ac-btn ac-btn--corner ac-btn--medium ac-btn--blue800\" target=\"_blank\" rel=\"noopener\">S&rsquo;incrire<\/a><br \/>\nComment obtenir ses places pour le match ?<br \/>\n    <img   decoding=\"async\" loading=\"lazy\" class=\"size-large\" src=\"https:\/\/www.europesays.com\/fr\/wp-content\/uploads\/2025\/12\/bcd68ea648496e0e68ea64849b4e68v-1-960x640.jpg\" alt=\"Romain Guillotte, l'attaquant du Bayeux FC qui va mettre un terme \u00e0 sa carri\u00e8re amateur \u00e0 l'issue de la saison n'avait qu'un souhait pour le tirage au sort et c'est tomb\u00e9 sur le club pro qu'il admire, l'Olympique de Marseille !\" width=\"960\" height=\"640\"\/><br \/>\n    Romain Guillotte, l\u2019attaquant du Bayeux FC qui va mettre un terme \u00e0 sa carri\u00e8re amateur \u00e0 l\u2019issue de la saison n\u2019avait qu\u2019un souhait pour le tirage au sort et c\u2019est tomb\u00e9 sur le club pro qu\u2019il admire, l\u2019Olympique de Marseille ! \u00a9Fr\u00e9d\u00e9ric BOURGEOIS<\/p>\n<p class=\" wall-content\">Maintenant, la grande question que tous les amateurs de football se posent, c\u2019est celle de la billetterie. <b>Une question qui devrait \u00eatre r\u00e9solue d\u2019ici \u00e0 la fin de la journ\u00e9e du lundi 22 d\u00e9cembre 2025.<\/b> \u00ab\u00a0J\u2019entre en r\u00e9union cet apr\u00e8s-midi avec le SMC \u00e0 ce sujet\u00a0\u00bb, annonce \u00e0 La Renaissance le Bessin le pr\u00e9sident du Bayeux FC joint par t\u00e9l\u00e9phone. \u00ab\u00a0Il y aura certainement une vente physique de places en plus <a href=\"https:\/\/billetterie.smcaen.fr\/\" target=\"_blank\" rel=\"noopener\">de la billetterie en ligne<\/a>.\u00a0\u00bb<\/p>\n<p class=\" wall-content\">On d\u00e9j\u00e0 parle <b>de pr\u00e8s de 20 000 places<\/b>, \u00ab\u00a0car les deux \u00e9tages du stade d\u2019Ornano seront ouverts. J\u2019esp\u00e8re que \u00e7a reviendra vite, mais on n\u2019a plus vu d\u2019\u00e9quipe de Ligue 1 dans ce stade depuis un moment\u00a0\u00bb, regrette-t-il. \u00ab\u00a0Je suis Malherbiste depuis mon arriv\u00e9e en Normandie en 2008. J\u2019ai quatre clubs dans mon c\u0153ur. Corinthians qui a remport\u00e9 la Coupe du Br\u00e9sil dimanche soir \u2013 je n\u2019ai pas pu voir ce match ! \u2013 face \u00e0 Vasco ; le PSG que je soutiens depuis que je suis tout petit, le Stade Malherbe et bien s\u00fbr Bayeux !\u00a0\u00bb<\/p>\n<p>D\u2019Ornano en Jaune et Bleu<\/p>\n<p class=\" wall-content\">Si la date de l\u2019ouverture de la billetterie et les tarifs ne sont pas encore connus, Luis Ferreira-Pavesi affirme d\u00e9j\u00e0 que d\u2019Ornano sera Jaune et Bleu. \u00ab\u00a0Sur le m\u00eame dispositif que ce que nous avons vu \u00e0 Henry-Jeanne, avec un virage bayeusain o\u00f9 nos supporters pourront agiter les drapeaux.\u00a0\u00bb<\/p>\n<p class=\" wall-content\">Et pour marquer le coup, le Bayeux FC s\u2019est attach\u00e9 les services d\u2019une soci\u00e9t\u00e9 sp\u00e9cialis\u00e9e, affili\u00e9e \u00e0 la FFF, <b>pour produire des \u00e9charpes collectors.<\/b> \u00ab\u00a0Nous attendons l\u2019accord de l\u2019OM pour que les deux blasons figurent sur ces \u00e9charpes.\u00a0\u00bb<\/p>\n<p>LE Petit-Poucet de la Coupe de France 2025-2026<\/p>\n<p class=\" wall-content\">Cerise sur le g\u00e2teau, Luis Ferreira-Pavesi sait maintenant que son club <b>est LE Petit-Poucet de la 109e \u00e9dition de la Coupe de France. <\/b>Si Montreuil, \u00e9galement pensionnaire de R1, est parvenu \u00e0 se hisser lui aussi en 16e, \u00ab\u00a0c\u2019est l\u2019\u00e9quipe qui a tap\u00e9 la plus grosse \u00e9curie qui prend ce statut de Petit-Poucet d\u2019apr\u00e8s le r\u00e9glement\u00a0\u00bb, explique le pr\u00e9sident du BFC. Et c\u2019est le Bayeux FC, qui a cr\u00e9\u00e9 la sensation<a href=\"https:\/\/actu.fr\/normandie\/bayeux_14047\/football-retour-en-images-sur-la-victoire-historique-du-bayeux-fc-face-sur-le-sm-caen_63443636.html\" target=\"_blank\" rel=\"noopener\"> en sortant une \u00e9quipe de National, le SM Caen, au 7e tour.<\/a><\/p>\n<p>Retomb\u00e9es financi\u00e8res<\/p>\n<p class=\" wall-content\">Outre le parcours r\u00e9alis\u00e9 par ses joueurs et la satisfaction d\u2019avoir enfin tir\u00e9 un gros client pour la suite de la comp\u00e9tition, le Bayeux FC attend des retomb\u00e9es financi\u00e8res substantielles avec ce 16e de finale face \u00e0 l\u2019OM. \u00ab\u00a0Nous avions, avant m\u00eame cette \u00e9pop\u00e9e en Coupe de France, l\u2019assurance de finir la saison en fonds propres (Ndlr : apr\u00e8s avoir pass\u00e9 les deux derni\u00e8res ann\u00e9es \u00e0 redresser la situation financi\u00e8re du club, en d\u00e9ficit de 79 000 \u20ac). Alors maintenant, il n\u2019y a plus de d\u00e9bat : c\u2019est vraiment un super cadeau de No\u00ebl !\u00a0\u00bb<\/p>\n<p class=\" wall-content\">Personnalisez votre actualit\u00e9 en ajoutant vos villes et m\u00e9dias en favori avec <a href=\"https:\/\/moncompte.actu.fr\" title=\"D\u00e9couvez Mon Actu\" rel=\"nofollow noopener\" data-trk=\"{&quot;cta&quot;:{&quot;action&quot;:&quot;https:\\\/\\\/moncompte.actu.fr&quot;,&quot;category&quot;:&quot;mon compte&quot;,&quot;from&quot;:&quot;article footer&quot;,&quot;name&quot;:&quot;Mon actu&quot;,&quot;type&quot;:&quot;cta&quot;}}\" target=\"_blank\">Mon Actu<\/a>.<\/p>\n","protected":false},"excerpt":{"rendered":"Par Fr\u00e9d\u00e9ric Bourgeois Publi\u00e9 le 22 d\u00e9c. 2025 \u00e0 14h12 Vainqueur du Blois Football 41 (N2), samedi 20&hellip;\n","protected":false},"author":2,"featured_media":615874,"comment_status":"","ping_status":"","sticky":false,"template":"","format":"standard","meta":{"footnotes":""},"categories":[2814],"tags":[1111,11,15922,1777,674,1011,27,884,12,2333,882,25,60],"class_list":{"0":"post-615873","1":"post","2":"type-post","3":"status-publish","4":"format-standard","5":"has-post-thumbnail","7":"category-marseille","8":"tag-actu","9":"tag-actualites","10":"tag-coupe-de-france-de-football","11":"tag-eu","12":"tag-europe","13":"tag-fr","14":"tag-france","15":"tag-marseille","16":"tag-news","17":"tag-olympique-de-marseille-om","18":"tag-provence-alpes-cote-dazur","19":"tag-republique-francaise","20":"tag-sports"},"share_on_mastodon":{"url":"https:\/\/pubeurope.com\/@fr\/115763461148060954","error":""},"_links":{"self":[{"href":"https:\/\/www.europesays.com\/fr\/wp-json\/wp\/v2\/posts\/615873","targetHints":{"allow":["GET"]}}],"collection":[{"href":"https:\/\/www.europesays.com\/fr\/wp-json\/wp\/v2\/posts"}],"about":[{"href":"https:\/\/www.europesays.com\/fr\/wp-json\/wp\/v2\/types\/post"}],"author":[{"embeddable":true,"href":"https:\/\/www.europesays.com\/fr\/wp-json\/wp\/v2\/users\/2"}],"replies":[{"embeddable":true,"href":"https:\/\/www.europesays.com\/fr\/wp-json\/wp\/v2\/comments?post=615873"}],"version-history":[{"count":0,"href":"https:\/\/www.europesays.com\/fr\/wp-json\/wp\/v2\/posts\/615873\/revisions"}],"wp:featuredmedia":[{"embeddable":true,"href":"https:\/\/www.europesays.com\/fr\/wp-json\/wp\/v2\/media\/615874"}],"wp:attachment":[{"href":"https:\/\/www.europesays.com\/fr\/wp-json\/wp\/v2\/media?parent=615873"}],"wp:term":[{"taxonomy":"category","embeddable":true,"href":"https:\/\/www.europesays.com\/fr\/wp-json\/wp\/v2\/categories?post=615873"},{"taxonomy":"post_tag","embeddable":true,"href":"https:\/\/www.europesays.com\/fr\/wp-json\/wp\/v2\/tags?post=615873"}],"curies":[{"name":"wp","href":"https:\/\/api.w.org\/{rel}","templated":true}]}}