{"id":615875,"date":"2025-12-22T13:29:17","date_gmt":"2025-12-22T13:29:17","guid":{"rendered":"https:\/\/www.europesays.com\/fr\/615875\/"},"modified":"2025-12-22T13:29:17","modified_gmt":"2025-12-22T13:29:17","slug":"lyon-une-nouvelle-ligne-de-bus-pour-aller-directement-skier-dans-les-alpes-des-5-euros","status":"publish","type":"post","link":"https:\/\/www.europesays.com\/fr\/615875\/","title":{"rendered":"Lyon. Une nouvelle ligne de bus pour aller directement skier dans les Alpes, d\u00e8s 5 euros"},"content":{"rendered":"<p>                    Par<br \/>\n        <strong><br \/>\n            <a href=\"https:\/\/actu.fr\/auteur\/redaction-lyon\" title=\"Consulter tous les articles de R\u00e9daction Lyon\" target=\"_blank\" rel=\"noopener\">R\u00e9daction Lyon<\/a><br \/>\n                    <\/strong><\/p>\n<p>        Publi\u00e9 le<\/p>\n<p>            22 d\u00e9c. 2025 \u00e0 12h20        <\/p>\n<p>Bonne nouvelle pour ceux qui aiment se rendre sur les pistes de ski. <strong>BlaBlaCar Bus<\/strong> a annonc\u00e9 l\u2019ouverture, d\u00e8s cet hiver, d\u2019une nouvelle ligne de bus entre <a href=\"https:\/\/actu.fr\/auvergne-rhone-alpes\/lyon_69123\" target=\"_blank\" rel=\"noopener\">Lyon<\/a> et la vall\u00e9e de la Tarentaise (Savoie). L\u2019objectif ? Faciliter l\u2019acc\u00e8s \u00e0 la montagne pour les personnes sans voiture.<\/p>\n<p class=\" wall-content\">Une liaison saisonni\u00e8re qui permettra donc de se rendre directement sur les pistes de ski en passant par <strong>Chamb\u00e9ry, Mo\u00fbtiers, Aime-la-Plagne et Bourg-Saint-Maurice<\/strong>.<\/p>\n<p>Rejoindre plusieurs domaines skiables\u00a0<\/p>\n<p class=\" wall-content\">Depuis ces arr\u00eats, les voyageurs pourront rejoindre le domaine des 3 Vall\u00e9es, celui de la Plagne, celui de Tignes ou encore de Val d\u2019Is\u00e8re gr\u00e2ce aux r\u00e9seaux de transports en commun locaux (bus et navettes locaux).<\/p>\n<p class=\" wall-content\">Les bus de cette nouvelle ligne, qui partiront depuis la gare <a href=\"https:\/\/actu.fr\/auvergne-rhone-alpes\/lyon_69123\/lyon-plus-de-230-cars-par-jour-la-gare-routiere-quitte-perrache-et-arrive-dans-ce-quartier_63315145.html\" target=\"_blank\" rel=\"noopener\">Lyon Perrache<\/a>, circuleront pendant les vacances de No\u00ebl et d\u2019hiver, en grande majorit\u00e9 les week-ends. Ainsi, il sera possible de monter \u00e0 bord de ces derniers du 19 d\u00e9cembre au 5 janvier (le vendredi, samedi, dimanche et lundi) et du 7 f\u00e9vrier au 8 mars (le samedi et le dimanche.)<\/p>\n<p class=\" wall-content\">Sur l\u2019ensemble de la saison hivernale, BlaBlaCar Bus proposera plus de 2 000 si\u00e8ges \u00e0 la vente avec des horaires adapt\u00e9s \u00ab aux habitudes des Lyonnais \u00bb.<\/p>\n<p>D\u00e8s 5,49 euros le billet<\/p>\n<p class=\" wall-content\">C\u00f4t\u00e9 tarifs, un trajet Lyon-Chamb\u00e9ry co\u00fbte 5,49 euros, et 19,99 euros pour toutes les autres destinations depuis Lyon.<\/p>\n<p class=\" wall-content\">De plus, BlaBlaCar a annonc\u00e9 le renforcement de sa liaison Lyon-Chamb\u00e9ry pendant la haute saison afin de r\u00e9pondre aux besoins des usagers.<\/p>\n<p class=\" wall-content\"><strong>Emma RESSEGAIRE<\/strong><\/p>\n<p class=\" wall-content\">Personnalisez votre actualit\u00e9 en ajoutant vos villes et m\u00e9dias en favori avec <a href=\"https:\/\/moncompte.actu.fr\" title=\"D\u00e9couvez Mon Actu\" rel=\"nofollow noopener\" data-trk=\"{&quot;cta&quot;:{&quot;action&quot;:&quot;https:\\\/\\\/moncompte.actu.fr&quot;,&quot;category&quot;:&quot;mon compte&quot;,&quot;from&quot;:&quot;article footer&quot;,&quot;name&quot;:&quot;Mon actu&quot;,&quot;type&quot;:&quot;cta&quot;}}\" target=\"_blank\">Mon Actu<\/a>.<\/p>\n","protected":false},"excerpt":{"rendered":"Par R\u00e9daction Lyon Publi\u00e9 le 22 d\u00e9c. 2025 \u00e0 12h20 Bonne nouvelle pour ceux qui aiment se rendre&hellip;\n","protected":false},"author":2,"featured_media":615876,"comment_status":"","ping_status":"","sticky":false,"template":"","format":"standard","meta":{"footnotes":""},"categories":[1889],"tags":[1111,11,7733,2430,1777,674,1011,27,1652,2428,12,25,4129],"class_list":{"0":"post-615875","1":"post","2":"type-post","3":"status-publish","4":"format-standard","5":"has-post-thumbnail","7":"category-lyon","8":"tag-actu","9":"tag-actualites","10":"tag-alpes","11":"tag-auvergne-rhone-alpes","12":"tag-eu","13":"tag-europe","14":"tag-fr","15":"tag-france","16":"tag-loisirs-culture","17":"tag-lyon","18":"tag-news","19":"tag-republique-francaise","20":"tag-ski"},"share_on_mastodon":{"url":"https:\/\/pubeurope.com\/@fr\/115763463087605740","error":""},"_links":{"self":[{"href":"https:\/\/www.europesays.com\/fr\/wp-json\/wp\/v2\/posts\/615875","targetHints":{"allow":["GET"]}}],"collection":[{"href":"https:\/\/www.europesays.com\/fr\/wp-json\/wp\/v2\/posts"}],"about":[{"href":"https:\/\/www.europesays.com\/fr\/wp-json\/wp\/v2\/types\/post"}],"author":[{"embeddable":true,"href":"https:\/\/www.europesays.com\/fr\/wp-json\/wp\/v2\/users\/2"}],"replies":[{"embeddable":true,"href":"https:\/\/www.europesays.com\/fr\/wp-json\/wp\/v2\/comments?post=615875"}],"version-history":[{"count":0,"href":"https:\/\/www.europesays.com\/fr\/wp-json\/wp\/v2\/posts\/615875\/revisions"}],"wp:featuredmedia":[{"embeddable":true,"href":"https:\/\/www.europesays.com\/fr\/wp-json\/wp\/v2\/media\/615876"}],"wp:attachment":[{"href":"https:\/\/www.europesays.com\/fr\/wp-json\/wp\/v2\/media?parent=615875"}],"wp:term":[{"taxonomy":"category","embeddable":true,"href":"https:\/\/www.europesays.com\/fr\/wp-json\/wp\/v2\/categories?post=615875"},{"taxonomy":"post_tag","embeddable":true,"href":"https:\/\/www.europesays.com\/fr\/wp-json\/wp\/v2\/tags?post=615875"}],"curies":[{"name":"wp","href":"https:\/\/api.w.org\/{rel}","templated":true}]}}