{"id":615881,"date":"2025-12-22T13:33:12","date_gmt":"2025-12-22T13:33:12","guid":{"rendered":"https:\/\/www.europesays.com\/fr\/615881\/"},"modified":"2025-12-22T13:33:12","modified_gmt":"2025-12-22T13:33:12","slug":"une-injustice-manifeste-trois-matchs-perdus-sur-tapis-vert-pour-le-psg-feminin-apres-une-reclamation-de-fleury","status":"publish","type":"post","link":"https:\/\/www.europesays.com\/fr\/615881\/","title":{"rendered":"\u00ab\u00a0Une injustice manifeste\u00a0\u00bb\u00a0: trois matchs perdus sur tapis vert pour le PSG f\u00e9minin apr\u00e8s une r\u00e9clamation de Fleury"},"content":{"rendered":"<p class=\"paragraph text_align_left lp-f-body-02\">Apr\u00e8s <a href=\"https:\/\/www.leparisien.fr\/sports\/football\/psg-feminin\/psg-feminin-louvain-0-0-les-parisiennes-eliminees-de-la-ligue-des-champions-des-la-phase-de-ligue-09-12-2025-65AABKX5QJDYVG6FJK7UNFPJ4Q.php\" target=\"_self\" rel=\"noopener\">la triste \u00e9limination d\u00e8s la phase de ligue en Ligue des champions<\/a>, la saison des Parisiennes se cantonne d\u00e9sormais au <a href=\"https:\/\/www.leparisien.fr\/sports\/football\/\" target=\"_blank\" rel=\"noreferrer noopener\">football <\/a>hexagonal. Alors que le <a href=\"https:\/\/www.leparisien.fr\/sports\/football\/psg-feminin\/\" target=\"_self\" rel=\"noopener\">Paris Saint-Germain<\/a> comptait d\u00e9j\u00e0 sept points de retard sur l\u2019OL Lyonnes, la t\u00e2che s\u2019est s\u00e9rieusement complexifi\u00e9e en championnat. Ce lundi, la commission f\u00e9d\u00e9rale des r\u00e8glements et contentieux a d\u00e9clar\u00e9 le club de la capitale perdant de trois matchs sur tapis vert \u00e0 la suite d\u2019un probl\u00e8me administratif, selon les informations de <a href=\"https:\/\/www.lequipe.fr\/Football\/Actualites\/Le-psg-perd-3-matches-sur-tapis-vert-en-raison-d-irregularites-sur-la-licence-de-florianne-jourde\/1628836\" target=\"_self\" rel=\"noopener\">L\u2019\u00c9quipe<\/a>.<\/p>\n<p class=\"\">Canal +\u00a0Foot avait rapport\u00e9 que Fleury avait pos\u00e9 une r\u00e9serve sur sa d\u00e9faite face \u00e0 Paris (4-0, 8\u00a0novembre), le club francilien estimant la licence de la recrue <a href=\"https:\/\/www.leparisien.fr\/sports\/football\/mercato-psg-feminin-la-canadienne-florianne-jourde-debarque-a-paris-14-07-2025-WT3N5WEUEVEPFBDYETGILL6H44.php\" target=\"_self\" rel=\"noopener\">Florianne Jourde<\/a> non conforme. Selon la commission, un certificat international de transfert aurait d\u00fb accompagner la licence de la Franco-canadienne \u00e0 cause de sa participation \u00e0 des matchs amateurs de l\u2019AS Laval, en 2022-2023 en Am\u00e9rique du Nord.<\/p>\n<p>\u00ab\u00a0Disproportionn\u00e9\u00a0\u00bb<\/p>\n<p class=\"\">Depuis, le PSG a r\u00e9gularis\u00e9 la situation, mais cet impair n\u2019a pas emp\u00each\u00e9 la lourde sanction de tomber\u00a0: au-del\u00e0 des trois points perdus face \u00e0 Fleury, Paris a \u00e9galement vu les b\u00e9n\u00e9fices de ses succ\u00e8s contre Strasbourg (1-0) mi-octobre et Le\u00a0Havre (2-0) d\u00e9but novembre lui \u00eatre retir\u00e9s. La FFF a, en effet, d\u00e9cid\u00e9 de s\u2019autosaisir de ces deux autres matchs pour sanctionner le club parisien.<\/p>\n<p class=\"\">Ainsi, l\u2019\u00e9quipe de Paulo Cesar va chuter de la 2e \u00e0 la 5e place et de 26 \u00e0 17 unit\u00e9s. Jourde avait effectivement disput\u00e9 ces parties. Pour rappel, il faut terminer dans les quatre premi\u00e8res \u00e9quipes d\u2019Arkema Premi\u00e8re Ligue pour se qualifier pour les playoffs.<\/p>\n<p class=\"\">Via un communiqu\u00e9 que nous avons pu consulter, le PSG conteste \u00ab\u00a0le caract\u00e8re totalement disproportionn\u00e9 de cette sanction\u00a0\u00bb. \u00ab\u00a0L\u2019\u00e9quipe est lourdement sanctionn\u00e9e sur le terrain sportif pour une simple situation administrative qui a \u00e9t\u00e9 r\u00e9gularis\u00e9e sans difficult\u00e9 par la FIFA depuis\u00a0: cela rel\u00e8ve d\u2019une injustice manifeste, juge la formation parisienne. Le club a toujours agi en toute bonne foi et toute transparence, sur la base des informations dont il disposait. Il n\u2019a r\u00e9sult\u00e9 de cette situation aucun b\u00e9n\u00e9fice indu pour le Club. Aucun pr\u00e9judice n\u2019a \u00e9t\u00e9 caus\u00e9 \u00e0 quiconque. La FFF vient sanctionner une situation administrative qu\u2019elle avait pourtant elle-m\u00eame valid\u00e9e en d\u00e9livrant \u00e0 Florianne Jourde une licence en bonne et due forme. La joueuse \u00e9tait d\u00fbment qualifi\u00e9e et d\u00e9tentrice d\u2019une licence lors des 3 matchs qu\u2019elle a jou\u00e9s.\u00a0\u00bb Le PSG va faire appel de cette d\u00e9cision.<\/p>\n","protected":false},"excerpt":{"rendered":"Apr\u00e8s la triste \u00e9limination d\u00e8s la phase de ligue en Ligue des champions, la saison des Parisiennes se&hellip;\n","protected":false},"author":2,"featured_media":615882,"comment_status":"","ping_status":"","sticky":false,"template":"","format":"standard","meta":{"footnotes":""},"categories":[1888],"tags":[1111,1928,11,1927,1777,674,63,1011,27,12,1926,626,1925,13887,25,60],"class_list":{"0":"post-615881","1":"post","2":"type-post","3":"status-publish","4":"format-standard","5":"has-post-thumbnail","7":"category-paris","8":"tag-actu","9":"tag-actu-paris","10":"tag-actualites","11":"tag-actualites-paris","12":"tag-eu","13":"tag-europe","14":"tag-football","15":"tag-fr","16":"tag-france","17":"tag-news","18":"tag-news-paris","19":"tag-paris","20":"tag-paris-news","21":"tag-psg-feminin","22":"tag-republique-francaise","23":"tag-sports"},"share_on_mastodon":{"url":"https:\/\/pubeurope.com\/@fr\/115763478878515631","error":""},"_links":{"self":[{"href":"https:\/\/www.europesays.com\/fr\/wp-json\/wp\/v2\/posts\/615881","targetHints":{"allow":["GET"]}}],"collection":[{"href":"https:\/\/www.europesays.com\/fr\/wp-json\/wp\/v2\/posts"}],"about":[{"href":"https:\/\/www.europesays.com\/fr\/wp-json\/wp\/v2\/types\/post"}],"author":[{"embeddable":true,"href":"https:\/\/www.europesays.com\/fr\/wp-json\/wp\/v2\/users\/2"}],"replies":[{"embeddable":true,"href":"https:\/\/www.europesays.com\/fr\/wp-json\/wp\/v2\/comments?post=615881"}],"version-history":[{"count":0,"href":"https:\/\/www.europesays.com\/fr\/wp-json\/wp\/v2\/posts\/615881\/revisions"}],"wp:featuredmedia":[{"embeddable":true,"href":"https:\/\/www.europesays.com\/fr\/wp-json\/wp\/v2\/media\/615882"}],"wp:attachment":[{"href":"https:\/\/www.europesays.com\/fr\/wp-json\/wp\/v2\/media?parent=615881"}],"wp:term":[{"taxonomy":"category","embeddable":true,"href":"https:\/\/www.europesays.com\/fr\/wp-json\/wp\/v2\/categories?post=615881"},{"taxonomy":"post_tag","embeddable":true,"href":"https:\/\/www.europesays.com\/fr\/wp-json\/wp\/v2\/tags?post=615881"}],"curies":[{"name":"wp","href":"https:\/\/api.w.org\/{rel}","templated":true}]}}