{"id":615889,"date":"2025-12-22T13:37:14","date_gmt":"2025-12-22T13:37:14","guid":{"rendered":"https:\/\/www.europesays.com\/fr\/615889\/"},"modified":"2025-12-22T13:37:14","modified_gmt":"2025-12-22T13:37:14","slug":"parti-a-moto-rendre-visite-a-son-pere-malade-en-russie-un-belgo-russe-de-48-ans-risque-jusqua-12-ans-de-prison","status":"publish","type":"post","link":"https:\/\/www.europesays.com\/fr\/615889\/","title":{"rendered":"Parti \u00e0 moto rendre visite \u00e0 son p\u00e8re malade en Russie, un Belgo-russe de 48\u00a0ans risque jusqu\u2019\u00e0 12\u00a0ans de prison"},"content":{"rendered":"<p class=\"paragraph text_align_left lp-f-body-02\">Mikha\u00efl Loshchinin, 48 ans, pourrait bien passer les 12 prochaines ann\u00e9es de sa vie en prison. Ce Belgo-russe doit compara\u00eetre le 15 janvier prochain devant un tribunal de Pskov, dans le nord-ouest de la Russie, o\u00f9 il est inculp\u00e9 <a href=\"https:\/\/www.leparisien.fr\/international\/guerre-en-ukraine-un-homme-condamne-a-10-ans-de-prison-pour-avoir-voulu-combattre-du-cote-de-lukraine-25-04-2024-S2UILFEEWFEB7K4U5PEGDJXJGE.php\" target=\"_self\" rel=\"noopener\">pour \u00ab trahison <\/a>et atteinte \u00e0 la s\u00e9curit\u00e9 nationale \u00bb.<\/p>\n<p class=\"\">L\u2019homme, n\u00e9 \u00e0 Moscou et naturalis\u00e9 belge depuis une vingtaine d\u2019ann\u00e9es, avait quitt\u00e9 Tr\u00e8ves, en Allemagne, o\u00f9 il r\u00e9sidait depuis 2018 en juin dernier. \u00ab Il a simplement pris sa moto pour rendre visite \u00e0 notre p\u00e8re, qui vit \u00e0 Saint-P\u00e9tersbourg et est gri\u00e8vement malade \u00bb, explique la s\u0153ur du r\u00e9fugi\u00e9 politique au quotidien belge <a href=\"https:\/\/www.lesoir.be\/718197\/article\/2025-12-22\/un-belge-detenu-depuis-plus-de-six-mois-en-russie-pour-trahison\" target=\"_self\" rel=\"noopener\">Le Soir<\/a>. Le p\u00e8re de famille venait de subir deux op\u00e9rations cardiaques.<\/p>\n<p class=\"\">Le Belgo-russe avait d\u00e9j\u00e0 fait l\u2019aller-retour sans encombre en 2020, avant <a href=\"https:\/\/www.leparisien.fr\/international\/ukraine\/\" target=\"_self\" rel=\"noopener\">la guerre en Ukraine<\/a>. \u00ab Il en gardait de bons souvenirs et a donc d\u00e9cid\u00e9 de r\u00e9it\u00e9rer l\u2019exp\u00e9rience \u00bb, ajoute sa m\u00e8re Olga aupr\u00e8s de <a href=\"https:\/\/therussianreader.com\/2025\/12\/18\/2757\/?fbclid=IwY2xjawO2F_5leHRuA2FlbQIxMQBzcnRjBmFwcF9pZBAyMjIwMzkxNzg4MjAwODkyAAEeQ7ksCvOTUrS1aVxOjESxNDzra_pgDW1eMBMM1QKkSctYREXsYdqn5bvJv3A_aem_iYSL-En_HO83C5KRtw9EHg\" target=\"_self\" rel=\"noopener\">The Russian Reader<\/a>.<\/p>\n<p>\u00ab Sans soins m\u00e9dicaux qualifi\u00e9s, il perdra la vue \u00bb<\/p>\n<p class=\"\">Mais apr\u00e8s avoir parcouru plus de 2000 km sur sa Yamaha, Mikha\u00efl Loshchinin est arr\u00eat\u00e9 au poste fronti\u00e8re russe d\u2019Unbylinka dans la nuit du 30 juin au 1er juillet. Selon sa s\u0153ur install\u00e9e en Pologne, tous ses effets personnels lui sont confisqu\u00e9s, dont son t\u00e9l\u00e9phone. L\u2019homme est d\u2019abord assign\u00e9 \u00e0 r\u00e9sidence dans un h\u00f4tel, officiellement pour des probl\u00e8mes administratifs, et les autorit\u00e9s appellent les proches pour les rassurer.<\/p>\n<p class=\"\">La s\u0153ur de Mikha\u00efl Loshchinin d\u00e9nonce un stratag\u00e8me visant \u00e0 \u00ab gagner du temps, calmer les proches et \u00e9viter qu\u2019ils appellent un avocat. \u00bb Son fr\u00e8re est transf\u00e9r\u00e9 le 2 ao\u00fbt. Sa famille apprendra plus tard la destination : le centre de d\u00e9tention de Stary Oskol, pr\u00e8s de <a href=\"https:\/\/www.leparisien.fr\/international\/guerre-en-ukraine-pourquoi-la-region-russe-de-belgorod-est-regulierement-visee-par-kiev-08-01-2024-DXKCUMWPVJDNDADPYEBOZJCRRM.php\" target=\"_self\" rel=\"noopener\">la fronti\u00e8re ukrainienne<\/a>.<\/p>\n<p class=\"\">Selon ses proches, Mikha\u00efl Loshchinin a \u00e9t\u00e9 \u00ab tortur\u00e9 et maltrait\u00e9, tant mentalement que physiquement \u00bb. Ils alertent sur son \u00e9tat de sant\u00e9 et \u00e9voquent de graves troubles de la vue, un risque de d\u00e9collement de la r\u00e9tine et des probl\u00e8mes cardiaques. \u00ab Sans soins m\u00e9dicaux qualifi\u00e9s, il perdra la vue \u00bb, estime sa s\u0153ur. Le minist\u00e8re belge des Affaires \u00e9trang\u00e8res confirme au Soir \u00ab \u00eatre au courant de la situation \u00bb, sans souhaiter en dire davantage.<\/p>\n<p class=\"\">Publier un message sur les r\u00e9seaux sociaux d\u00e9non\u00e7ant les actions du gouvernement russe ou <a href=\"https:\/\/www.leparisien.fr\/international\/russie-une-russo-americaine-condamnee-a-12-ans-de-prison-pour-trahison-apres-un-don-de-50-dollars-a-une-ong-15-08-2024-D7ZFERYHUFEPPJEHIYCG5WQFCY.php\" target=\"_self\" rel=\"noopener\">donner de l\u2019argent \u00e0 une association<\/a> sont devenus des motifs de poursuites pour \u00ab trahison \u00bb en Russie. Leur nombre s\u2019est d\u2019ailleurs intensifi\u00e9 ces derniers mois.<\/p>\n<p class=\"\">Selon les statistiques de la Cour supr\u00eame de la F\u00e9d\u00e9ration de Russie, 115 dossiers de ce type ont \u00e9t\u00e9 trait\u00e9s au premier semestre 2024. C\u2019est deux fois plus que l\u2019ann\u00e9e pr\u00e9c\u00e9dente.<\/p>\n","protected":false},"excerpt":{"rendered":"Mikha\u00efl Loshchinin, 48 ans, pourrait bien passer les 12 prochaines ann\u00e9es de sa vie en prison. Ce Belgo-russe&hellip;\n","protected":false},"author":2,"featured_media":615890,"comment_status":"","ping_status":"","sticky":false,"template":"","format":"standard","meta":{"footnotes":""},"categories":[1591],"tags":[11,1887,14,12,1885,1886,132],"class_list":{"0":"post-615889","1":"post","2":"type-post","3":"status-publish","4":"format-standard","5":"has-post-thumbnail","7":"category-russie","8":"tag-actualites","9":"tag-federation-de-russie","10":"tag-international","11":"tag-news","12":"tag-russia","13":"tag-russian-federation","14":"tag-russie"},"share_on_mastodon":{"url":"https:\/\/pubeurope.com\/@fr\/115763494724108210","error":""},"_links":{"self":[{"href":"https:\/\/www.europesays.com\/fr\/wp-json\/wp\/v2\/posts\/615889","targetHints":{"allow":["GET"]}}],"collection":[{"href":"https:\/\/www.europesays.com\/fr\/wp-json\/wp\/v2\/posts"}],"about":[{"href":"https:\/\/www.europesays.com\/fr\/wp-json\/wp\/v2\/types\/post"}],"author":[{"embeddable":true,"href":"https:\/\/www.europesays.com\/fr\/wp-json\/wp\/v2\/users\/2"}],"replies":[{"embeddable":true,"href":"https:\/\/www.europesays.com\/fr\/wp-json\/wp\/v2\/comments?post=615889"}],"version-history":[{"count":0,"href":"https:\/\/www.europesays.com\/fr\/wp-json\/wp\/v2\/posts\/615889\/revisions"}],"wp:featuredmedia":[{"embeddable":true,"href":"https:\/\/www.europesays.com\/fr\/wp-json\/wp\/v2\/media\/615890"}],"wp:attachment":[{"href":"https:\/\/www.europesays.com\/fr\/wp-json\/wp\/v2\/media?parent=615889"}],"wp:term":[{"taxonomy":"category","embeddable":true,"href":"https:\/\/www.europesays.com\/fr\/wp-json\/wp\/v2\/categories?post=615889"},{"taxonomy":"post_tag","embeddable":true,"href":"https:\/\/www.europesays.com\/fr\/wp-json\/wp\/v2\/tags?post=615889"}],"curies":[{"name":"wp","href":"https:\/\/api.w.org\/{rel}","templated":true}]}}