{"id":615901,"date":"2025-12-22T13:43:17","date_gmt":"2025-12-22T13:43:17","guid":{"rendered":"https:\/\/www.europesays.com\/fr\/615901\/"},"modified":"2025-12-22T13:43:17","modified_gmt":"2025-12-22T13:43:17","slug":"le-conseil-europeen-prolonge-les-sanctions-economiques-jusquau-31-juillet-2026","status":"publish","type":"post","link":"https:\/\/www.europesays.com\/fr\/615901\/","title":{"rendered":"le Conseil europ\u00e9en prolonge les sanctions \u00e9conomiques jusqu\u2019au 31 juillet 2026"},"content":{"rendered":"<p>AA \/ Istanbul \/ Mariem Njeh<\/p>\n<p>Dans un communiqu\u00e9 publi\u00e9 lundi, le Conseil de l\u2019Union europ\u00e9enne a annonc\u00e9 avoir \u00ab renouvel\u00e9 les mesures restrictives de l\u2019UE \u00bb contre la Russie pour une dur\u00e9e suppl\u00e9mentaire de six mois, \u00ab jusqu\u2019au 31 juillet 2026 \u00bb, en raison des \u00ab actions continues de la F\u00e9d\u00e9ration de Russie d\u00e9stabilisant la situation en Ukraine \u00bb.<\/p>\n<p>Ces sanctions \u00e9conomiques, \u00ab introduites pour la premi\u00e8re fois en 2014 \u00bb, ont \u00e9t\u00e9 \u00ab consid\u00e9rablement renforc\u00e9es depuis f\u00e9vrier 2022 \u00bb en r\u00e9ponse \u00e0 \u00ab l\u2019agression militaire non provoqu\u00e9e, injustifi\u00e9e et ill\u00e9gale de la Russie contre l\u2019Ukraine \u00bb, pr\u00e9cise le communiqu\u00e9.<\/p>\n<p>Le Conseil souligne que le dispositif actuel repose sur un large \u00e9ventail de mesures sectorielles, comprenant notamment des restrictions visant \u00ab le commerce, la finance, l\u2019\u00e9nergie, la technologie et les biens \u00e0 double usage, l\u2019industrie, les transports et les biens de luxe \u00bb. <\/p>\n<p>Il inclut \u00e9galement \u00ab l\u2019interdiction d\u2019importer ou de transf\u00e9rer vers l\u2019Union du p\u00e9trole brut transport\u00e9 par voie maritime et certains produits p\u00e9troliers en provenance de Russie \u00bb, ainsi que \u00ab l\u2019exclusion de plusieurs banques russes du syst\u00e8me SWIFT \u00bb.<\/p>\n<p>Le Conseil r\u00e9affirme aussi la \u00ab suspension des activit\u00e9s de diffusion et des licences dans l\u2019Union europ\u00e9enne de plusieurs m\u00e9dias soutenus par le Kremlin \u00bb, accus\u00e9s de relayer la d\u00e9sinformation, et rappelle que \u00ab des mesures sp\u00e9cifiques permettent \u00e0 l\u2019UE de lutter contre le contournement des sanctions \u00bb.<\/p>\n<p>\u00ab Tant que les actions ill\u00e9gales de la F\u00e9d\u00e9ration de Russie continueront de violer les r\u00e8gles fondamentales du droit international, y compris l\u2019interdiction du recours \u00e0 la force, il est appropri\u00e9 de maintenir l\u2019ensemble des mesures impos\u00e9es par l\u2019UE et d\u2019en adopter de nouvelles si n\u00e9cessaire \u00bb, conclut le communiqu\u00e9.<\/p>\n<p>L\u2019Union europ\u00e9enne a progressivement renforc\u00e9 ses sanctions contre la Russie depuis le d\u00e9but de la guerre en Ukraine, ciblant notamment les revenus \u00e9nerg\u00e9tiques de Moscou. Dans ce cadre, Bruxelles s\u2019attaque \u00e0 la \u00ab flotte fant\u00f4me \u00bb russe, un r\u00e9seau de navires accus\u00e9s de contourner le plafonnement du prix du p\u00e9trole et les restrictions occidentales.<\/p>\n<p>Le Conseil de l\u2019UE a ajout\u00e9 jeudi 41 navires suppl\u00e9mentaires \u00e0 la liste des b\u00e2timents sanctionn\u00e9s, portant leur nombre total \u00e0 pr\u00e8s de 600. Ces mesures pr\u00e9voient notamment des interdictions d\u2019acc\u00e8s aux ports de l\u2019UE et des restrictions sur les services maritimes, l\u2019Union affirmant rester pr\u00eate \u00e0 adopter de nouvelles sanctions pour accro\u00eetre la pression sur la Russie.<\/p>\n<p>                            &#13;<br \/>\n                                <a href=\"https:\/\/www.aa.com.tr\/fr\/p\/abonnement\/1001\" target=\"_blank\" style=\"font-size:12px; color:#444; text-decoration:none;\" rel=\"noopener\">&#13;<br \/>\n                                    Seulement une partie des d\u00e9p\u00eaches, que l&rsquo;Agence Anadolu diffuse \u00e0 ses abonn\u00e9s via le Syst\u00e8me de Diffusion interne (HAS), est diffus\u00e9e sur le site de l&rsquo;AA, de mani\u00e8re r\u00e9sum\u00e9e. <b style=\"color:#1897F7\">Contactez-nous s&rsquo;il vous pla\u00eet pour vous abonner.<\/b>&#13;<br \/>\n                                <\/a>&#13;<\/p>\n","protected":false},"excerpt":{"rendered":"AA \/ Istanbul \/ Mariem Njeh Dans un communiqu\u00e9 publi\u00e9 lundi, le Conseil de l\u2019Union europ\u00e9enne a annonc\u00e9&hellip;\n","protected":false},"author":2,"featured_media":615902,"comment_status":"","ping_status":"","sticky":false,"template":"","format":"standard","meta":{"footnotes":""},"categories":[1586],"tags":[11,1785,1777,674,1779,1011,27,12,25,132,7185,1778,364],"class_list":{"0":"post-615901","1":"post","2":"type-post","3":"status-publish","4":"format-standard","5":"has-post-thumbnail","7":"category-europe","8":"tag-actualites","9":"tag-anadolu-ajansi","10":"tag-eu","11":"tag-europe","12":"tag-european-union","13":"tag-fr","14":"tag-france","15":"tag-news","16":"tag-republique-francaise","17":"tag-russie","18":"tag-sanctions","19":"tag-ue","20":"tag-union-europeenne"},"share_on_mastodon":{"url":"https:\/\/pubeurope.com\/@fr\/115763518180692834","error":""},"_links":{"self":[{"href":"https:\/\/www.europesays.com\/fr\/wp-json\/wp\/v2\/posts\/615901","targetHints":{"allow":["GET"]}}],"collection":[{"href":"https:\/\/www.europesays.com\/fr\/wp-json\/wp\/v2\/posts"}],"about":[{"href":"https:\/\/www.europesays.com\/fr\/wp-json\/wp\/v2\/types\/post"}],"author":[{"embeddable":true,"href":"https:\/\/www.europesays.com\/fr\/wp-json\/wp\/v2\/users\/2"}],"replies":[{"embeddable":true,"href":"https:\/\/www.europesays.com\/fr\/wp-json\/wp\/v2\/comments?post=615901"}],"version-history":[{"count":0,"href":"https:\/\/www.europesays.com\/fr\/wp-json\/wp\/v2\/posts\/615901\/revisions"}],"wp:featuredmedia":[{"embeddable":true,"href":"https:\/\/www.europesays.com\/fr\/wp-json\/wp\/v2\/media\/615902"}],"wp:attachment":[{"href":"https:\/\/www.europesays.com\/fr\/wp-json\/wp\/v2\/media?parent=615901"}],"wp:term":[{"taxonomy":"category","embeddable":true,"href":"https:\/\/www.europesays.com\/fr\/wp-json\/wp\/v2\/categories?post=615901"},{"taxonomy":"post_tag","embeddable":true,"href":"https:\/\/www.europesays.com\/fr\/wp-json\/wp\/v2\/tags?post=615901"}],"curies":[{"name":"wp","href":"https:\/\/api.w.org\/{rel}","templated":true}]}}