{"id":615921,"date":"2025-12-22T14:00:28","date_gmt":"2025-12-22T14:00:28","guid":{"rendered":"https:\/\/www.europesays.com\/fr\/615921\/"},"modified":"2025-12-22T14:00:28","modified_gmt":"2025-12-22T14:00:28","slug":"plus-belle-la-vie-2026-djawad-et-ariane-bientot-parents-estelle-va-t-elle-bouleverser-leur-bonheur","status":"publish","type":"post","link":"https:\/\/www.europesays.com\/fr\/615921\/","title":{"rendered":"Plus belle la vie (2026) : Djawad et Ariane bient\u00f4t parents\u2026 Estelle va-t-elle bouleverser leur bonheur ?"},"content":{"rendered":"<p>\tPlus belle la vie : le couple Djawad\u2013Ariane face \u00e0 une bombe\u2026 Estelle va-t-elle revenir et tout faire \u00e9clater sur TF1 ?<br \/>\n<img fetchpriority=\"high\" decoding=\"async\" aria-describedby=\"caption-attachment-334337\" src=\"https:\/\/www.europesays.com\/fr\/wp-content\/uploads\/2025\/12\/estelle-djawad-estelle-pblv.jpg\" alt=\"Ariane et Djawad  pblv\" width=\"1280\" height=\"720\" class=\"size-full wp-image-334337\"  \/><\/p>\n<p id=\"caption-attachment-334337\" class=\"wp-caption-text\">Ariane et Djawad pourraient-ils surmonter l\u2019obstacle Estelle ?<\/p>\n<p>C\u2019est une nouvelle qui fait fondre les fans de <a href=\"https:\/\/www.nouveautes-tele.com\/38439-plus-belle-la-vie-le-guide-des-resumes-et-spoilers.html\" target=\"_blank\" rel=\"noopener\"><strong>Plus belle la vie<\/strong><\/a>\u2026 et en inqui\u00e8te d\u00e9j\u00e0 beaucoup.<br \/><strong>Djawad<\/strong> et <strong>Ariane<\/strong> filent le parfait amour avec leur <strong>futur b\u00e9b\u00e9<\/strong>, un bonheur inattendu qui pourrait pourtant \u00eatre fragilis\u00e9. Car une question br\u00fble toutes les l\u00e8vres : <strong>Estelle Cantorel<\/strong>, l\u2019ex iconique de Djawad, va-t-elle refaire surface ? Apr\u00e8s dix ans de souvenirs marquants, l\u2019acteur <strong>David Baiot<\/strong> en dit plus et r\u00e9v\u00e8le si un retour d\u2019<strong>Elodie Varlet<\/strong> est envisageable\u2026 ou d\u00e9finitivement exclu.<br \/>Djawad et Ariane, un couple qui s\u2019est form\u00e9 au fil des \u00e9pisodes de Plus belle la vie sur TF1\u2026 Au d\u00e9part, c\u2019\u00e9tait juste des moments funs sans engagement. Puis <strong>l\u2019amour a d\u00e9barqu\u00e9<\/strong>, malgr\u00e9 des montagnes russes dans leur relation. Et <strong>fin 2025<\/strong>, ils ont appris qu\u2019un <strong>b\u00e9b\u00e9 surprise<\/strong> allait voir le jour. Ariane a beaucoup h\u00e9sit\u00e9 \u00e0 le garder, par rapport \u00e0 <strong>Zo\u00e9<\/strong> notamment\u2026 mais finalement, ils gardent le b\u00e9b\u00e9 et vont \u00eatre <strong>parents en mai 2026<\/strong> (date du terme).<br \/>Mais le couple Djawad et Ariane va-t-il tenir face \u00e0 tous les bouleversements qu\u2019engendrent la grossesse, la naissance de l\u2019enfant ? On sait que c\u2019est un <strong>couple rock\u2019n\u2019roll<\/strong> : ils ont tous les deux beaucoup de caract\u00e8re.<br \/>Le pass\u00e9 va-t-il refaire surface avec Estelle Cantorel ? Entre Djawad et Estelle, c\u2019\u00e9tait un <strong>amour visc\u00e9ral<\/strong>, fait d\u2019attirance incontr\u00f4lable, de ruptures \u00e0 r\u00e9p\u00e9tition et de r\u00e9conciliations explosives. On sait qu\u2019Estelle est <strong>la femme qui a le plus compt\u00e9 pour Djawad<\/strong>\u2026 peut-elle encore tout bouleverser ?<\/p>\n<p><img loading=\"lazy\" decoding=\"async\" aria-describedby=\"caption-attachment-243387\" src=\"data:image\/svg+xml,%3Csvg%20xmlns=\" http:=\"\" alt=\"Estelle PBLV\" width=\"1200\" height=\"615\" class=\"size-full wp-image-243387\" data-lazy- data-lazy- data-lazy-src=\"https:\/\/www.europesays.com\/fr\/wp-content\/uploads\/2025\/12\/PBLV-11B.jpg\"\/><\/p>\n<p id=\"caption-attachment-243387\" class=\"wp-caption-text\">Estelle un comeback dans Plus belle la vie ?<\/p>\n<p>Estelle Cantorel dans Plus belle la vie (TF1) en 2026 <\/p>\n<p><strong>David Baiot<\/strong> s\u2019est confi\u00e9 sur le retour du personnage d\u2019Estelle dans <strong>T\u00e9l\u00e9 Loisirs<\/strong> : \u00ab\u00a0Je pense qu\u2019on adorerait, elle autant que moi, se retrouver dans nos personnages d\u2019antan, voir ce qui leur est arriv\u00e9 depuis leur s\u00e9paration. \u00c7a pourrait vraiment \u00eatre tr\u00e8s dr\u00f4le. D\u2019autant que <strong>Djawad va \u00eatre papa<\/strong>. Ce serait g\u00e9nial qu\u2019Estelle revienne pour <strong>foutre un peu le bordel<\/strong>. Mais <strong>ce n\u2019est pas d\u2019actualit\u00e9<\/strong>.\u00a0\u00bb<br \/>Djawad et Ariane s\u2019appr\u00eatent \u00e0 vivre le plus grand bouleversement de leur vie avec l\u2019arriv\u00e9e de leur b\u00e9b\u00e9. Mais dans Plus belle la vie, <strong>le bonheur n\u2019est jamais un long fleuve tranquille<\/strong>. M\u00eame si David Baiot l\u2019assure, le retour d\u2019Estelle n\u2019est pas d\u2019actualit\u00e9, son absence continue de faire parler. Et une chose est s\u00fbre : si <strong>Estelle Cantorel<\/strong> revenait un jour, <strong>rien ne serait plus jamais comme avant<\/strong>.<\/p>\n<p><strong>Bon \u00e0 savoir<\/strong> : Les r\u00e9sum\u00e9s <a href=\"https:\/\/www.nouveautes-tele.com\/333711-martin-seffondre-brutalement-idriss-realise-trop-tard-la-gravite-de-la-situation-plus-belle-la-vie-5-janvier-2026-episode-490-resume-complet-pblv.html\" target=\"_blank\" rel=\"noopener\"><strong>Plus belle la vie du 5 janvier 2026<\/strong><\/a> avec Martin Torres qui s\u2019\u00e9croule et <a href=\"https:\/\/www.nouveautes-tele.com\/333841-idriss-accuse-de-violences-policieres-luna-le-quitte-martin-detruit-tout-plus-belle-la-vie-6-janvier-2026-episode-491-resume-complet-pblv.html\" target=\"_blank\" rel=\"noopener\"><strong>PBLV du 6 janvier 2026<\/strong><\/a> avec Idriss accus\u00e9 de violences polici\u00e8res sont en ligne.<\/p>\n<p>                          <img loading=\"lazy\" decoding=\"async\" width=\"512\" height=\"512\" src=\"data:image\/svg+xml,%3Csvg%20xmlns=\" http:=\"\" alt=\"Logo de Nouveaut\u00e9 t\u00e9l\u00e9\" data-lazy-src=\"https:\/\/www.europesays.com\/fr\/wp-content\/uploads\/2025\/06\/nt-logo.png\"\/><\/p>\n<p>\t\t\t  Isabelle Corteilles<\/p>\n<p>Titou, fondatrice de Nouveaut\u00e9s T\u00e9l\u00e9 en 2014, passionn\u00e9e de m\u00e9dias et incollable sur l\u2019actualit\u00e9 des s\u00e9ries t\u00e9l\u00e9. De la g\u00e9n\u00e9ration Dawson\u2019s Creek et Sous le Soleil, je navigue aujourd\u2019hui entre le Spoon de DNA, les marais salants d\u2019ITC, le Mistral de PBLV et les Sauvages d\u2019Un Si Grand Soleil, pour ne rien rater des derni\u00e8res intrigues et des indiscr\u00e9tions.<\/p>\n","protected":false},"excerpt":{"rendered":"Plus belle la vie : le couple Djawad\u2013Ariane face \u00e0 une bombe\u2026 Estelle va-t-elle revenir et tout faire&hellip;\n","protected":false},"author":2,"featured_media":615922,"comment_status":"","ping_status":"","sticky":false,"template":"","format":"standard","meta":{"footnotes":""},"categories":[1356],"tags":[58,59,1011,27,252,1364],"class_list":{"0":"post-615921","1":"post","2":"type-post","3":"status-publish","4":"format-standard","5":"has-post-thumbnail","7":"category-television","8":"tag-divertissement","9":"tag-entertainment","10":"tag-fr","11":"tag-france","12":"tag-television","13":"tag-tv"},"share_on_mastodon":{"url":"https:\/\/pubeurope.com\/@fr\/115763585628217021","error":""},"_links":{"self":[{"href":"https:\/\/www.europesays.com\/fr\/wp-json\/wp\/v2\/posts\/615921","targetHints":{"allow":["GET"]}}],"collection":[{"href":"https:\/\/www.europesays.com\/fr\/wp-json\/wp\/v2\/posts"}],"about":[{"href":"https:\/\/www.europesays.com\/fr\/wp-json\/wp\/v2\/types\/post"}],"author":[{"embeddable":true,"href":"https:\/\/www.europesays.com\/fr\/wp-json\/wp\/v2\/users\/2"}],"replies":[{"embeddable":true,"href":"https:\/\/www.europesays.com\/fr\/wp-json\/wp\/v2\/comments?post=615921"}],"version-history":[{"count":0,"href":"https:\/\/www.europesays.com\/fr\/wp-json\/wp\/v2\/posts\/615921\/revisions"}],"wp:featuredmedia":[{"embeddable":true,"href":"https:\/\/www.europesays.com\/fr\/wp-json\/wp\/v2\/media\/615922"}],"wp:attachment":[{"href":"https:\/\/www.europesays.com\/fr\/wp-json\/wp\/v2\/media?parent=615921"}],"wp:term":[{"taxonomy":"category","embeddable":true,"href":"https:\/\/www.europesays.com\/fr\/wp-json\/wp\/v2\/categories?post=615921"},{"taxonomy":"post_tag","embeddable":true,"href":"https:\/\/www.europesays.com\/fr\/wp-json\/wp\/v2\/tags?post=615921"}],"curies":[{"name":"wp","href":"https:\/\/api.w.org\/{rel}","templated":true}]}}