{"id":615927,"date":"2025-12-22T14:04:11","date_gmt":"2025-12-22T14:04:11","guid":{"rendered":"https:\/\/www.europesays.com\/fr\/615927\/"},"modified":"2025-12-22T14:04:11","modified_gmt":"2025-12-22T14:04:11","slug":"epidemie-de-grippe-une-tache-de-sang-comment-une-simple-grippe-a-tourne-a-lamputation-pour-une-trentenaire","status":"publish","type":"post","link":"https:\/\/www.europesays.com\/fr\/615927\/","title":{"rendered":"Epid\u00e9mie de grippe : \u00ab\u00a0Une t\u00e2che de sang\u2026\u00a0\u00bb, comment une \u00ab\u00a0simple grippe\u00a0\u00bb a tourn\u00e9 \u00e0 l\u2019amputation pour une trentenaire"},"content":{"rendered":"<p>Elle est souvent consid\u00e9r\u00e9e comme peu dangereuse, mais la grippe<br \/>\npeut parfois tourner au cauchemar. En mars 2023, une jeune femme de<br \/>\n35 ans originaire du Haut-Rhin a <strong>subi trois<br \/>\namputations<\/strong> apr\u00e8s avoir contract\u00e9 le virus de la <a href=\"https:\/\/www.closermag.fr\/vecu\/epidemie-grippe-ce-geste-quon-aurait-prefere-oublier-va-revenir-au-gout-du-jour-3607968\" target=\"_blank\" rel=\"noopener\"><br \/>\ngrippe A (H1N1)<\/a>.<\/p>\n<p>\u00c0 l\u2019\u00e9poque, Ana\u00efs menait un quotidien sans histoire dans la<br \/>\npetite ville de Pfetterhouse, dans le <a href=\"https:\/\/www.closermag.fr\/vecu\/piege-mortel-dans-le-haut-rhin-un-fil-tendu-tranche-la-gorge-dun-vetetiste-3571297\" target=\"_blank\" rel=\"noopener\"><br \/>\nHaut-Rhin<\/a>. Elle y vivait avec son mari, Davy, 35 ans, et leur<br \/>\npetite fille Chlo\u00e9, 4 ans, et exer\u00e7ait le m\u00e9tier d\u2019aide-soignante \u00e0<br \/>\nl&rsquo;h\u00f4pital d&rsquo;Altkirch (Haut-Rhin).\u00a0Davy, lui, travaillait comme<br \/>\ntechnicien pharmaceutique industriel dans une entreprise<br \/>\nsuisse.<\/p>\n<p>\u00ab\u00a0Je vais chercher ses affaires dans la chambre et vois une<br \/>\nt\u00e2che de sang\u00a0\u00bb<\/p>\n<p>Mais tout a bascul\u00e9 \u00e0 l\u2019hiver 2023. Le 6 mars, Ana\u00efs consulte<br \/>\nson m\u00e9decin pour un \u00e9tat grippal. <strong>Ce dernier lui<br \/>\n\u00ab\u00a0diagnostique une simple grippe\u00a0\u00bb,<\/strong> explique Davy,<br \/>\nmais son \u00e9tat empire au fil des jours. \u00ab\u00a0Je rentre du travail.<br \/>\nNous passons un moment ensemble devant la t\u00e9l\u00e9vision. Ana\u00efs se sent<br \/>\nfatigu\u00e9e et va se coucher \u00e0 20h30, avant de se lever 50 minutes<br \/>\nplus tard, raconte-t-il dans les colonnes de <a href=\"https:\/\/france3-regions.franceinfo.fr\/grand-est\/haut-rhin\/temoignage-une-simple-grippe-la-reanimation-et-des-amputations-a-35-ans-un-calvaire-quotidien-pour-anais-et-sa-famille-2863244.html\" rel=\"nofollow noopener\" target=\"_blank\">franceinfo<\/a>. Quand elle se r\u00e9veille, elle se<br \/>\nsent vraiment mal et veut dormir sur le canap\u00e9. Je suis alert\u00e9 par<br \/>\ncette d\u00e9marche. Je vais chercher ses affaires dans la chambre \u00e0<br \/>\ncoucher et vois alors <strong>une t\u00e2che de sang.\u00a0\u00bb<\/strong><\/p>\n<p>Apr\u00e8s un appel au SAMU, Davy emm\u00e8ne sa compagne \u00e0 l&rsquo;h\u00f4pital<br \/>\nd&rsquo;Altkirch. Sur place, c\u2019est la douche froide. <strong>Le m\u00e9decin<br \/>\nd\u00e9couvre que la saturation en oxyg\u00e8ne d\u2019Ana\u00efs est de 80%.<\/strong><br \/>\n\u00ab\u00a0La norme est habituellement comprise entre 95 et 100%,<br \/>\nau-dessous le pronostic vital est engag\u00e9\u00a0\u00bb, explique Davy.<br \/>\nFinalement prise en charge par le SAMU, la jeune femme est<br \/>\ntransf\u00e9r\u00e9e d\u2019urgence \u00e0 l\u2019h\u00f4pital de Mulhouse. On lui diagnostique<br \/>\nune <strong>d\u00e9g\u00e9n\u00e9rescence globale des organes.<\/strong><\/p>\n<p>Une d\u00e9g\u00e9n\u00e9rescence des organes suivies d\u2019une n\u00e9crose des<br \/>\nextr\u00e9mit\u00e9s<\/p>\n<p>\u00ab\u00a0Pour les poumons, le scanner montrait une image blanche,<br \/>\ntelle la couleur d&rsquo;un yaourt. Les m\u00e9decins estimaient qu&rsquo;il n&rsquo;y<br \/>\navait <strong>pas de fonction pulmonaire visible.<\/strong> &lsquo;C&rsquo;est<br \/>\nrempli de mucosit\u00e9s, on ne sait pas si on arrivera \u00e0 r\u00e9tablir une<br \/>\nfonction pulmonaire&rsquo;, qu&rsquo;ils ont dit. Le m\u00e9decin dit &lsquo;que<br \/>\n<strong>les reins ont l\u00e2ch\u00e9, la fonction est absente,<\/strong> et<br \/>\nqu&rsquo;ils l&rsquo;ont mise sous dialyse&rsquo;.\u00a0J&rsquo;\u00e9tais alors glac\u00e9,<br \/>\nt\u00e9tanis\u00e9\u00a0\u00bb, poursuit le jeune homme.<\/p>\n<p>Stup\u00e9faits par la gravit\u00e9 des sympt\u00f4mes d\u2019Ana\u00efs, les m\u00e9decins<br \/>\nlui font passer de nouvelles analyses sanguines, qui reviennent<br \/>\n<strong>positives \u00e0 la grippe A, rien d\u2019autre.<\/strong> \u00ab\u00a0On<br \/>\nm&rsquo;annonce une <strong>n\u00e9crose des extr\u00e9mit\u00e9s des pieds<\/strong> et<br \/>\ndes mains et possiblement dans le cerveau, mais qu&rsquo;on ne pouvait<br \/>\npas passer de scanner car c&rsquo;est compliqu\u00e9. On m&rsquo;a dit qu&rsquo;on ne<br \/>\nsavait pas jusqu&rsquo;o\u00f9 \u00e7a irait\u00a0\u00bb, se souvient Davy.<\/p>\n<p>Trois amputations successives<\/p>\n<p>La suite est une <strong>succession de complications.<\/strong><br \/>\nApr\u00e8s \u00ab\u00a0une hyper r\u00e9tention d&rsquo;eau\u00a0\u00bb, Ana\u00efs souffre d\u2019une<br \/>\n\u00ab\u00a0embolisation de la jambe droite\u00a0\u00bb puis d\u2019une \u00ab\u00a0allergie<br \/>\nimportante au produit de contraste pour le scanner\u00a0\u00bb et<br \/>\n\u00ab\u00a0une leucoenc\u00e9phalopathie post\u00e9rieure r\u00e9versible\u00a0\u00bb. Le<br \/>\n1er juin, elle doit subir une amputation des pieds au<br \/>\nniveau du premier m\u00e9tatarse, soit la zone des \u00ab\u00a0orteils et un<br \/>\npeu avant\u00a0\u00bb. <strong>Celle-ci sera suivie d\u2019une seconde<br \/>\namputation au pied gauche, puis d\u2019une amputation totale de son<br \/>\nmembre inf\u00e9rieur.<\/strong> \u00ab\u00a0Ils vont remonter 10 cm sous le<br \/>\ngenou. Il n&rsquo;y a donc plus de tibia et de pied. Cela, suite \u00e0 une<br \/>\ndifficult\u00e9 de cicatrisation du pied gauche et la perte de mobilit\u00e9.<br \/>\nL&rsquo;os a commenc\u00e9 \u00e0 se figer.\u00a0\u00bb<\/p>\n<p>Aujourd\u2019hui, Ana\u00efs se bat pour continuer \u00e0 vivre, \u00ab\u00a0par amour<br \/>\npour nous, ma fille, pour moi\u00a0\u00bb, explique Davy. N\u00e9anmoins, le<br \/>\njeune homme tient \u00e0 partager son histoire pour souligner<br \/>\nl&rsquo;importance de la vaccination contre la grippe. \u00ab\u00a0Les gens<br \/>\npensent que \u00e7a ne touche que les personnes \u00e2g\u00e9es, alors que cela<br \/>\npeut toucher tout le monde. Cela a une grande importance, car la<br \/>\ngrippe tue\u00a0\u00bb, souligne-t-il. Un t\u00e9moignage d\u2019autant plus<br \/>\nimportant en p\u00e9riode d\u2019<a href=\"https:\/\/www.closermag.fr\/vecu\/grippe-completement-rouge-cette-menace-qui-pese-sur-noel-3607699\" target=\"_blank\" rel=\"noopener\">\u00e9pid\u00e9mie<br \/>\nmassive de grippe en France<\/a>. Selon les sp\u00e9cialistes, le pic des<br \/>\ncontaminations devrait intervenir durant la semaine de No\u00ebl \u00e0<br \/>\ntravers l\u2019hexagone.<\/p>\n","protected":false},"excerpt":{"rendered":"Elle est souvent consid\u00e9r\u00e9e comme peu dangereuse, mais la grippe peut parfois tourner au cauchemar. En mars 2023,&hellip;\n","protected":false},"author":2,"featured_media":615928,"comment_status":"","ping_status":"","sticky":false,"template":"","format":"standard","meta":{"footnotes":""},"categories":[10],"tags":[21303,1011,27,72,70202,71,65861],"class_list":{"0":"post-615927","1":"post","2":"type-post","3":"status-publish","4":"format-standard","5":"has-post-thumbnail","7":"category-sante","8":"tag-buzz_nonli","9":"tag-fr","10":"tag-france","11":"tag-health","12":"tag-marfeel_connexes","13":"tag-sante","14":"tag-trend"},"share_on_mastodon":{"url":"https:\/\/pubeurope.com\/@fr\/115763600789044976","error":""},"_links":{"self":[{"href":"https:\/\/www.europesays.com\/fr\/wp-json\/wp\/v2\/posts\/615927","targetHints":{"allow":["GET"]}}],"collection":[{"href":"https:\/\/www.europesays.com\/fr\/wp-json\/wp\/v2\/posts"}],"about":[{"href":"https:\/\/www.europesays.com\/fr\/wp-json\/wp\/v2\/types\/post"}],"author":[{"embeddable":true,"href":"https:\/\/www.europesays.com\/fr\/wp-json\/wp\/v2\/users\/2"}],"replies":[{"embeddable":true,"href":"https:\/\/www.europesays.com\/fr\/wp-json\/wp\/v2\/comments?post=615927"}],"version-history":[{"count":0,"href":"https:\/\/www.europesays.com\/fr\/wp-json\/wp\/v2\/posts\/615927\/revisions"}],"wp:featuredmedia":[{"embeddable":true,"href":"https:\/\/www.europesays.com\/fr\/wp-json\/wp\/v2\/media\/615928"}],"wp:attachment":[{"href":"https:\/\/www.europesays.com\/fr\/wp-json\/wp\/v2\/media?parent=615927"}],"wp:term":[{"taxonomy":"category","embeddable":true,"href":"https:\/\/www.europesays.com\/fr\/wp-json\/wp\/v2\/categories?post=615927"},{"taxonomy":"post_tag","embeddable":true,"href":"https:\/\/www.europesays.com\/fr\/wp-json\/wp\/v2\/tags?post=615927"}],"curies":[{"name":"wp","href":"https:\/\/api.w.org\/{rel}","templated":true}]}}