{"id":615936,"date":"2025-12-22T14:09:22","date_gmt":"2025-12-22T14:09:22","guid":{"rendered":"https:\/\/www.europesays.com\/fr\/615936\/"},"modified":"2025-12-22T14:09:22","modified_gmt":"2025-12-22T14:09:22","slug":"belgique-une-cycliste-violee-au-petit-matin-pres-de-la-frontiere-avec-le-nord","status":"publish","type":"post","link":"https:\/\/www.europesays.com\/fr\/615936\/","title":{"rendered":"Belgique. Une cycliste viol\u00e9e au petit matin pr\u00e8s de la fronti\u00e8re avec le Nord"},"content":{"rendered":"<p>                    Par<br \/>\n        <strong><br \/>\n            <a href=\"https:\/\/actu.fr\/auteur\/nicolas-demollien\" title=\"Consulter tous les articles de Nicolas Demollien\" target=\"_blank\" rel=\"noopener\">Nicolas Demollien<\/a><br \/>\n                    <\/strong><\/p>\n<p>        Publi\u00e9 le<\/p>\n<p>            22 d\u00e9c. 2025 \u00e0 9h43        <\/p>\n<p>Emoi \u00e0 <b>Courtrai<\/b> (<a href=\"https:\/\/actu.fr\/tag\/belgique\" target=\"_blank\" rel=\"noopener\">Belgique<\/a>), <b>pr\u00e8s de la fronti\u00e8re<\/b> avec le <a href=\"https:\/\/actu.fr\/hauts-de-france\/nord_59\" target=\"_blank\" rel=\"noopener\">Nord<\/a>. Au petit matin du mercredi 17 d\u00e9cembre 2025, une <b>femme circulait \u00e0 v\u00e9lo<\/b> lorsqu\u2019elle a \u00e9t\u00e9 subitement <b>agress\u00e9e puis viol\u00e9e<\/b>. La sc\u00e8ne s\u2019est produite \u00e0 <b>deux pas de l\u2019autoroute E17<\/b> qui relie la France \u00e0 la Belgique.<\/p>\n<p>Une cycliste viol\u00e9e sur un talus en Belgique, pr\u00e8s de la fronti\u00e8re<\/p>\n<p class=\" wall-content\">Selon <a href=\"https:\/\/www.7sur7.be\/faits-divers\/une-cycliste-violee-pres-de-le17-a-courtrai-lauteur-des-faits-interpelle~a2eb5e62\/?referrer=https%3A%2F%2Fwww.google.com%2F\" target=\"_blank\" rel=\"noopener\">nos confr\u00e8res belges de 7sur7.be<\/a>, l\u2019agression a eu lieu peu avant 7h sur une <b>piste pi\u00e9tonne et cyclable<\/b>. La femme se rendait \u00e0 son travail lorsqu\u2019elle a \u00e9t\u00e9 surprise un homme. \u00ab\u00a0Celui-ci l\u2019a tra\u00een\u00e9e <b>dans les buissons, sur un talus<\/b>, et l\u2019a viol\u00e9e avant de prendre la fuite\u00a0\u00bb, d\u00e9taillent nos confr\u00e8res.<\/p>\n<p class=\" wall-content\">Ce sont des passants \u00e9tonn\u00e9s de d\u00e9couvrir un v\u00e9lo abandonn\u00e9 qui ont abandonn\u00e9 les secours. Ce sont eux qui ont d\u00e9couvert la victime.<\/p>\n<p class=\" wall-content\">Ils ont alors pu lui apporter les premiers soins et entendre son r\u00e9cit des faits. D\u00e8s lors, les <a href=\"https:\/\/actu.fr\/tag\/police\" target=\"_blank\" rel=\"noopener\">policiers<\/a> se sont lanc\u00e9s \u00e0 la recherche de l\u2019agresseur. Ils ne mettront pas tr\u00e8s longtemps \u00e0 le retrouver. \u00ab\u00a0Il s\u2019agit d\u2019un <b>homme de 25 ans, d\u2019origine rwandaise<\/b>, domicili\u00e9 \u00e0 Bruxelles\u00a0\u00bb, a r\u00e9v\u00e9l\u00e9 le parquet de Flandre-Occidentale.<\/p>\n<p class=\" wall-content\">Une <b>enqu\u00eate<\/b> a \u00e9t\u00e9 ouverte pour <b>viol et agression sexuelle<\/b>. Elle devra d\u00e9terminer les circonstances exactes dans lesquelles s\u2019est produite cette terrible agression. Affaire \u00e0 suivre.<\/p>\n<p class=\" wall-content\">Personnalisez votre actualit\u00e9 en ajoutant vos villes et m\u00e9dias en favori avec <a href=\"https:\/\/moncompte.actu.fr\" title=\"D\u00e9couvez Mon Actu\" rel=\"nofollow noopener\" data-trk=\"{&quot;cta&quot;:{&quot;action&quot;:&quot;https:\\\/\\\/moncompte.actu.fr&quot;,&quot;category&quot;:&quot;mon compte&quot;,&quot;from&quot;:&quot;article footer&quot;,&quot;name&quot;:&quot;Mon actu&quot;,&quot;type&quot;:&quot;cta&quot;}}\" target=\"_blank\">Mon Actu<\/a>.<\/p>\n","protected":false},"excerpt":{"rendered":"Par Nicolas Demollien Publi\u00e9 le 22 d\u00e9c. 2025 \u00e0 9h43 Emoi \u00e0 Courtrai (Belgique), pr\u00e8s de la fronti\u00e8re&hellip;\n","protected":false},"author":2,"featured_media":615937,"comment_status":"","ping_status":"","sticky":false,"template":"","format":"standard","meta":{"footnotes":""},"categories":[5],"tags":[11,828,118,1011,27,14,12,799,28],"class_list":{"0":"post-615936","1":"post","2":"type-post","3":"status-publish","4":"format-standard","5":"has-post-thumbnail","7":"category-international","8":"tag-actualites","9":"tag-belgique","10":"tag-faits-divers","11":"tag-fr","12":"tag-france","13":"tag-international","14":"tag-news","15":"tag-violences-sexuelles","16":"tag-world"},"share_on_mastodon":{"url":"https:\/\/pubeurope.com\/@fr\/115763620355471602","error":""},"_links":{"self":[{"href":"https:\/\/www.europesays.com\/fr\/wp-json\/wp\/v2\/posts\/615936","targetHints":{"allow":["GET"]}}],"collection":[{"href":"https:\/\/www.europesays.com\/fr\/wp-json\/wp\/v2\/posts"}],"about":[{"href":"https:\/\/www.europesays.com\/fr\/wp-json\/wp\/v2\/types\/post"}],"author":[{"embeddable":true,"href":"https:\/\/www.europesays.com\/fr\/wp-json\/wp\/v2\/users\/2"}],"replies":[{"embeddable":true,"href":"https:\/\/www.europesays.com\/fr\/wp-json\/wp\/v2\/comments?post=615936"}],"version-history":[{"count":0,"href":"https:\/\/www.europesays.com\/fr\/wp-json\/wp\/v2\/posts\/615936\/revisions"}],"wp:featuredmedia":[{"embeddable":true,"href":"https:\/\/www.europesays.com\/fr\/wp-json\/wp\/v2\/media\/615937"}],"wp:attachment":[{"href":"https:\/\/www.europesays.com\/fr\/wp-json\/wp\/v2\/media?parent=615936"}],"wp:term":[{"taxonomy":"category","embeddable":true,"href":"https:\/\/www.europesays.com\/fr\/wp-json\/wp\/v2\/categories?post=615936"},{"taxonomy":"post_tag","embeddable":true,"href":"https:\/\/www.europesays.com\/fr\/wp-json\/wp\/v2\/tags?post=615936"}],"curies":[{"name":"wp","href":"https:\/\/api.w.org\/{rel}","templated":true}]}}