{"id":615955,"date":"2025-12-22T14:21:13","date_gmt":"2025-12-22T14:21:13","guid":{"rendered":"https:\/\/www.europesays.com\/fr\/615955\/"},"modified":"2025-12-22T14:21:13","modified_gmt":"2025-12-22T14:21:13","slug":"acces-aux-soins-15-maisons-france-sante-labellisees-dans-la-seine-maritime","status":"publish","type":"post","link":"https:\/\/www.europesays.com\/fr\/615955\/","title":{"rendered":"Acc\u00e8s aux soins : 15 maisons France sant\u00e9 labellis\u00e9es dans la Seine-Maritime"},"content":{"rendered":"<p class=\"text-align-justify Corps\">A l\u2019occasion de la labellisation de la\u00a0premi\u00e8re Maison du r\u00e9seau France Sant\u00e9\u00a0dans la\u00a0Manche, le 30 octobre 2025, le Premier ministre S\u00e9bastien LECORNU a officialis\u00e9 la cr\u00e9ation d\u2019un r\u00e9seau national financ\u00e9 et soutenu par l\u2019Etat et l\u2019Assurance Maladie, garant d\u2019un socle commun de services de sant\u00e9 de proximit\u00e9.<\/p>\n<p class=\"text-align-justify Corps\">Le r\u00e9seau France Sant\u00e9 vise \u00e0 permettre \u00e0 chaque Fran\u00e7ais d\u2019acc\u00e9der \u00e0 une solution de sant\u00e9 en moins de 30 minutes et d\u2019obtenir un rendez-vous m\u00e9dical sous 48 heures si son \u00e9tat de sant\u00e9 le n\u00e9cessite.<\/p>\n<p class=\"text-align-justify Corps\">Le label, signe de rattachement au r\u00e9seau France Sant\u00e9, s\u2019applique aux lieux ou structures de soins d\u00e9j\u00e0 existantes ainsi qu\u2019\u00e0 celles qui ont vocation \u00e0 \u00eatre cr\u00e9\u00e9es, telles que\u00a0:<\/p>\n<ul>\n<li>\n<p class=\"text-align-justify\"><a href=\"https:\/\/www.normandie.ars.sante.fr\/les-maisons-de-sante-pluriprofessionnelles-msp-et-poles-de-sante\" target=\"_blank\" data-xiti-name=\"Les maisons de sant\u00e9 pluriprofessionnelles_nbsp_(MSP)\" data-xiti-chapitre1=\"Acc\u00e8s aux soins : 15 maisons France sant\u00e9 labellis\u00e9es dans la Seine-Maritime\" data-xiti-type=\"exit\" rel=\"noopener\"><strong>Les maisons de sant\u00e9 pluriprofessionnelles<\/strong>\u00a0(MSP)<\/a>\u00a0<strong>et\u00a0<\/strong><a class=\"link-ext-icon\" href=\"https:\/\/sante.gouv.fr\/systeme-de-sante\/structures-de-soins\/article\/les-centres-de-sante-211965\" target=\"_blank\" data-xiti-name=\"centres de sant\u00e9\" data-xiti-chapitre1=\"Acc\u00e8s aux soins : 15 maisons France sant\u00e9 labellis\u00e9es dans la Seine-Maritime\" data-xiti-type=\"exit\" rel=\"noopener\"><strong>centres de sant\u00e9<\/strong><\/a>\u00a0;<\/p>\n<\/li>\n<li>\n<p class=\"text-align-justify\"><strong>Les cabinets m\u00e9dicaux regroupant plusieurs praticiens<\/strong>\u00a0;<\/p>\n<\/li>\n<li>\n<p class=\"text-align-justify\"><strong>Les \u00e9tablissements de sant\u00e9 assurant des soins primaires<\/strong>, notamment les h\u00f4pitaux de proximit\u00e9\u00a0;<\/p>\n<\/li>\n<li>\n<p class=\"text-align-justify\"><strong>Tout lieu permettant un acc\u00e8s de proximit\u00e9 aux soins<\/strong>\u00a0: consultations solidaires d\u00e9ploy\u00e9es dans le cadre du dispositif \u00ab\u00a0Un m\u00e9decin pr\u00e8s de chez vous\u00a0\u00bb, consultations avanc\u00e9es hospitali\u00e8res, officines \u00e9quip\u00e9es de t\u00e9l\u00e9cabine,\u00a0<a href=\"https:\/\/www.normandie.ars.sante.fr\/le-medicobus-une-demarche-daller-vers-les-patients-eloignes-des-soins-dans-les-territoires-ruraux\" target=\"_blank\" data-xiti-name=\"m\u00e9dicobus\" data-xiti-chapitre1=\"Acc\u00e8s aux soins : 15 maisons France sant\u00e9 labellis\u00e9es dans la Seine-Maritime\" data-xiti-type=\"exit\" rel=\"noopener\">m\u00e9dicobus<\/a>\u2026<\/p>\n<\/li>\n<\/ul>\n<p class=\"text-align-justify\">Il est attribu\u00e9 selon des\u00a0<strong>crit\u00e8res simples<\/strong>. Pour \u00eatre labellis\u00e9es, les structures doivent proposer une offre socle en sant\u00e9\u00a0:<\/p>\n<ul>\n<li>\n<p class=\"text-align-justify\">garantir la pr\u00e9sence d\u2019un m\u00e9decin et d\u2019un infirmier, au sein de la structure ou \u00e0 proximit\u00e9\u00a0;<\/p>\n<\/li>\n<li>\n<p class=\"text-align-justify\">\u00eatre ouvertes au public\u00a0<strong>au moins 5 jours par semaine<\/strong>\u00a0;<\/p>\n<\/li>\n<li>\n<p class=\"text-align-justify\">assurer des\u00a0<strong>consultations sans d\u00e9passement d\u2019honoraires<\/strong>\u00a0;<\/p>\n<\/li>\n<li>\n<p class=\"text-align-justify\">proposer des\u00a0<strong>rendez-vous dans les 48h<\/strong>\u00a0lorsque l\u2019\u00e9tat de sant\u00e9 des patients le n\u00e9cessite\u00a0;<\/p>\n<\/li>\n<li>\n<p class=\"text-align-justify\"><strong>participer au\u00a0<\/strong><a href=\"https:\/\/www.normandie.ars.sante.fr\/le-service-dacces-aux-soins-sas-comment-cela-fonctionne\" target=\"_blank\" data-xiti-name=\"service d\u2019acc\u00e8s aux soins (SAS)\" data-xiti-chapitre1=\"Acc\u00e8s aux soins : 15 maisons France sant\u00e9 labellis\u00e9es dans la Seine-Maritime\" data-xiti-type=\"exit\" rel=\"noopener\"><strong>service d\u2019acc\u00e8s aux soins (SAS)<\/strong><\/a>, qui contribue \u00e0 la permanence des soins ambulatoire.<\/p>\n<\/li>\n<\/ul>\n<p class=\"text-align-justify\">La mise en \u0153uvre du r\u00e9seau France sant\u00e9 repose sur un pilotage territorial : les Pr\u00e9fets, les\u00a0agences r\u00e9gionales de sant\u00e9 (ARS)\u00a0et les Conseils d\u00e9partementaux, en lien avec les \u00e9lus locaux et les professionnels, coordonnent le d\u00e9ploiement dans chaque d\u00e9partement. Une concertation locale permet d\u2019identifier les besoins et de construire des sch\u00e9mas d\u2019implantation adapt\u00e9s, en coh\u00e9rence avec les ressources disponibles.<\/p>\n<p class=\"text-align-justify\">Le 19 d\u00e9cembre 2025, Jean-Beno\u00eet ALBERTINI, Pr\u00e9fet de la Seine-Maritime et Fran\u00e7ois MENGIN LECREULX, Directeur g\u00e9n\u00e9ral de l\u2019ARS Normandie, ont d\u00e9voil\u00e9 la liste des structures labellis\u00e9es \u00ab Maison France Sant\u00e9\u00a0\u00bb dans la Seine-Maritime\u00a0:\u00a0<\/p>\n<ul>\n<li>\n<p class=\"text-align-justify\">Centre de sant\u00e9 intercommunal de Dieppe<\/p>\n<\/li>\n<li>\n<p class=\"text-align-justify\">Centre de sant\u00e9 intercommunal F\u00e9camp<\/p>\n<\/li>\n<li>\n<p class=\"text-align-justify\">Centre de sant\u00e9 intercommunal de la communaut\u00e9 de communes de la C\u00f4te d\u2019Alb\u00e2tre\u00a0<\/p>\n<\/li>\n<li>\n<p class=\"text-align-justify\">Centre Renfort \/ Centre hospitalier de Gournay-en-Bray<\/p>\n<\/li>\n<li>\n<p class=\"text-align-justify\">\u00c9quipe de soins primaires Couronnaise<\/p>\n<\/li>\n<li>\n<p class=\"text-align-justify\">Maison de sant\u00e9 pluriprofessionnelle (MSP) de Londini\u00e8res<\/p>\n<\/li>\n<li>\n<p class=\"text-align-justify\">Maison de sant\u00e9 pluriprofessionnelle (MSP) du Pays Neufch\u00e2telois<\/p>\n<\/li>\n<li>\n<p class=\"text-align-justify\">Maison de sant\u00e9 pluriprofessionnelle (MSP) Les Sapins (Haut de Rouen)<\/p>\n<\/li>\n<li>\n<p class=\"text-align-justify\">Maison de sant\u00e9 pluriprofessionnelle (MSP) Saint-Eloi, \u00e0 Rouen<\/p>\n<\/li>\n<li>\n<p class=\"text-align-justify\">Maison de sant\u00e9 pluriprofessionnelle universitaire (MSPU) \u2013 MSP \u2013 Jardin de Bl\u00e9ville<\/p>\n<\/li>\n<li>\n<p class=\"text-align-justify\">Maison de sant\u00e9 pluriprofessionnelle universitaire (MSPU) \u2013 MSP \u2013 Le Havre Nord-Est<\/p>\n<\/li>\n<li>\n<p class=\"text-align-justify\">M\u00e9dicobus de Dieppe<\/p>\n<\/li>\n<li>\n<p class=\"text-align-justify\">M\u00e9dicobus d\u2019Yvetot<\/p>\n<\/li>\n<li>\n<p class=\"text-align-justify\">P\u00f4le de sant\u00e9 lib\u00e9ral et ambulatoire (PSLA) Elbeuf Caudebec Seine-Sant\u00e9 (EC2S)<\/p>\n<\/li>\n<li>\n<p class=\"text-align-justify\">P\u00f4le de sant\u00e9 lib\u00e9ral et ambulatoire (PSLA) Valmont F\u00e9camp<\/p>\n<\/li>\n<\/ul>\n<p class=\"text-align-justify\">Les premi\u00e8res structures rejoignant ce r\u00e9seau seront prioritaires en 2026 lors de la phase de conventionnement \u00ab France sant\u00e9 \u00bb aux fins de financements p\u00e9rennes, d\u00e8s la validation du cadre conventionnel encadrant ce dispositif. Ces financements de 50\u00a0000\u20ac en moyenne permettront de renforcer les \u00e9quipes soignantes, d\u2019am\u00e9liorer l\u2019accompagnement des patients, de moderniser les \u00e9quipements ou encore de soutenir des innovations organisationnelles pour mieux coordonner les parcours notamment de patients souffrant de pathologies sp\u00e9cifiques. En 2026, 130 millions d\u2019euros seront allou\u00e9s pour construire le r\u00e9seau France Sant\u00e9, avec l\u2019objectif d\u2019atteindre 2000 structures labellis\u00e9es mi-2026 au niveau national.<\/p>\n","protected":false},"excerpt":{"rendered":"A l\u2019occasion de la labellisation de la\u00a0premi\u00e8re Maison du r\u00e9seau France Sant\u00e9\u00a0dans la\u00a0Manche, le 30 octobre 2025, le&hellip;\n","protected":false},"author":2,"featured_media":251623,"comment_status":"","ping_status":"","sticky":false,"template":"","format":"standard","meta":{"footnotes":""},"categories":[9587],"tags":[1111,11,1777,674,1011,27,12,5161,25,9590],"class_list":{"0":"post-615955","1":"post","2":"type-post","3":"status-publish","4":"format-standard","5":"has-post-thumbnail","7":"category-rouen","8":"tag-actu","9":"tag-actualites","10":"tag-eu","11":"tag-europe","12":"tag-fr","13":"tag-france","14":"tag-news","15":"tag-normandie","16":"tag-republique-francaise","17":"tag-rouen"},"share_on_mastodon":{"url":"https:\/\/pubeurope.com\/@fr\/115763667666580565","error":""},"_links":{"self":[{"href":"https:\/\/www.europesays.com\/fr\/wp-json\/wp\/v2\/posts\/615955","targetHints":{"allow":["GET"]}}],"collection":[{"href":"https:\/\/www.europesays.com\/fr\/wp-json\/wp\/v2\/posts"}],"about":[{"href":"https:\/\/www.europesays.com\/fr\/wp-json\/wp\/v2\/types\/post"}],"author":[{"embeddable":true,"href":"https:\/\/www.europesays.com\/fr\/wp-json\/wp\/v2\/users\/2"}],"replies":[{"embeddable":true,"href":"https:\/\/www.europesays.com\/fr\/wp-json\/wp\/v2\/comments?post=615955"}],"version-history":[{"count":0,"href":"https:\/\/www.europesays.com\/fr\/wp-json\/wp\/v2\/posts\/615955\/revisions"}],"wp:featuredmedia":[{"embeddable":true,"href":"https:\/\/www.europesays.com\/fr\/wp-json\/wp\/v2\/media\/251623"}],"wp:attachment":[{"href":"https:\/\/www.europesays.com\/fr\/wp-json\/wp\/v2\/media?parent=615955"}],"wp:term":[{"taxonomy":"category","embeddable":true,"href":"https:\/\/www.europesays.com\/fr\/wp-json\/wp\/v2\/categories?post=615955"},{"taxonomy":"post_tag","embeddable":true,"href":"https:\/\/www.europesays.com\/fr\/wp-json\/wp\/v2\/tags?post=615955"}],"curies":[{"name":"wp","href":"https:\/\/api.w.org\/{rel}","templated":true}]}}