{"id":615956,"date":"2025-12-22T14:22:20","date_gmt":"2025-12-22T14:22:20","guid":{"rendered":"https:\/\/www.europesays.com\/fr\/615956\/"},"modified":"2025-12-22T14:22:20","modified_gmt":"2025-12-22T14:22:20","slug":"une-voiture-percute-un-passage-a-niveau-et-sencastre-dans-la-barriere-le-trafic-ferroviaire-perturbe","status":"publish","type":"post","link":"https:\/\/www.europesays.com\/fr\/615956\/","title":{"rendered":"Une voiture percute un passage \u00e0 niveau et s&rsquo;encastre dans la barri\u00e8re : le trafic ferroviaire perturb\u00e9"},"content":{"rendered":"<p class=\"article__intro\">En plein milieu de la nuit du dimanche 21 au lundi 22 d\u00e9cembre 2025, \u00e0 Pavilly, pr\u00e8s de Rouen, une voiture a fait plusieurs tonneaux avant de percuter la barri\u00e8re du passage \u00e0 niveau. Quatre personnes ont \u00e9t\u00e9 l\u00e9g\u00e8rement bless\u00e9es. La circulation des trains est coup\u00e9e pour toute la matin\u00e9e.<\/p>\n<p>\n      L\u2019actu des r\u00e9gions\n    <\/p>\n<p>\n      Chaque jour, un tour d\u2019horizon des principales infos de toutes les r\u00e9gions.\n    <\/p>\n<p>    France T\u00e9l\u00e9visions utilise votre adresse e-mail afin de vous envoyer la newsletter \u00ab\u00a0L\u2019actu des r\u00e9gions\u00a0\u00bb. Vous pouvez vous d\u00e9sinscrire \u00e0 tout moment via le lien en bas de cette newsletter. <a target=\"_blank\" href=\"https:\/\/www.francetelevisions.fr\/groupe\/confidentialite\/politique-de-confidentialite\/politique-de-confidentialite-de-france-televisions-6503\" rel=\"noopener\">Notre politique de confidentialit\u00e9<\/a><\/p>\n<p>Il est 1\u00a0heure du matin ce lundi\u00a022\u00a0d\u00e9cembre quand les pompiers sont appel\u00e9s pour un accident de la route au passage \u00e0 niveau num\u00e9ro\u00a048, situ\u00e9 \u00e0 Pavilly, dans l&rsquo;agglom\u00e9ration rouennaise.<\/p>\n<p><a data-article-figure=\"\" href=\"https:\/\/france3-regions.franceinfo.fr\/image\/QDV8kC0yJFINPM72BuVwrGfi3Qs\/1918x921\/regions\/2025\/12\/22\/passage-a-niveau-pavilly-69491b5e8a9c4431186462.jpg\" data-pswp-width=\"1918\" data-pswp-height=\"921\" target=\"_blank\" rel=\"noopener\"><\/p>\n<p>          <img width=\"600\" height=\"400\" class=\"article-image lazy\" data-src=\"https:\/\/www.europesays.com\/fr\/wp-content\/uploads\/2025\/12\/passage-a-niveau-pavilly-69491b5e8a9c4431186462.jpg\" alt=\"Lieu de l'accident. \" fetchpriority=\"high\" as=\"image\"\/><\/p>\n<p>\n            Lieu de l&rsquo;accident.<br \/>\n                           \u2022<br \/>\n                                      \u00a9 Google Maps\n                      <\/p>\n<p><\/a><\/p>\n<p>\u00c0 leur arriv\u00e9e sur ce croisement entre la D143a et les voies ferr\u00e9es, le Sdis 76 retrouve les quatre personnes qui \u00e9taient \u00e0 bord du v\u00e9hicule, saines et sauves mais bless\u00e9es, toutes sorties de la voiture qui s&rsquo;est encast\u00e9e dans la barri\u00e8re du passage \u00e0 niveau.<\/p>\n<p>Avec les tonneaux r\u00e9alis\u00e9s par la voiture, des d\u00e9bris mat\u00e9riels ont \u00e9t\u00e9 \u00e9ject\u00e9s sur les rails. Sur place, des agents de la DIRNO et de la SNCF ont aussi \u00e9t\u00e9 mobilis\u00e9s.<\/p>\n<p>Une reconnaissance et une s\u00e9curisation sont entam\u00e9es. Premier constat : la voiture a enfonc\u00e9 la barri\u00e8re, cass\u00e9 le panneau de signalisation ainsi que le poste \u00e9lectrique.<\/p>\n<p><a data-article-figure=\"\" href=\"https:\/\/france3-regions.franceinfo.fr\/image\/-2fdunqlfdhhmTn9ODZ-BpYN45c\/768x576\/regions\/2025\/12\/22\/pn48-3-69491f7df3b89124329537.jpg\" data-pswp-width=\"768\" data-pswp-height=\"576\" target=\"_blank\" rel=\"noopener\"><\/p>\n<p>          <img width=\"600\" height=\"400\" class=\"article-image lazy\" data-src=\"https:\/\/www.europesays.com\/fr\/wp-content\/uploads\/2025\/12\/pn48-3-69491f7df3b89124329537.jpg\" alt=\"Un poste \u00e9lectrique a \u00e9t\u00e9 mis hors d'\u00e9tat par l'accident\" fetchpriority=\"high\" as=\"image\"\/><\/p>\n<p>\n            Un poste \u00e9lectrique a \u00e9t\u00e9 mis hors d&rsquo;\u00e9tat par l&rsquo;accident<br \/>\n                           \u2022<br \/>\n                                      \u00a9 SNCF Nomad Trains\n                      <\/p>\n<p><\/a><\/p>\n<p>La d\u00e9cision est alors prise de ralentir le trafic des trains \u00e0 ce niveau, sans couper compl\u00e8tement la circulation.<\/p>\n<p>\u00ab\u00a0Des camions-grues ont \u00e9t\u00e9 envoy\u00e9s d\u00e8s cette nuit pour d\u00e9gager les voies, nous explique-t-on c\u00f4t\u00e9 SNCF Nomad Trains. Et un salari\u00e9 de la SNCF, un garde-barri\u00e8re comme dans l&rsquo;ancien temps a \u00e9t\u00e9 mobilis\u00e9 sur place pour faire la circulation.\u00a0\u00bb<\/p>\n<p>Des ralentissements d&rsquo;environ cinq minutes sont \u00e0 pr\u00e9voir sur ce segment.<\/p>\n<p>Les \u00e9quipes de d\u00e9blayage doivent \u00e0 nouveau intervenir dans la journ\u00e9e. L&rsquo;incident devrait \u00eatre totalement r\u00e9solu aux alentours de 17\u00a0heures ce lundi 22 d\u00e9cembre.<\/p>\n<p>Les quatre personnes qui \u00e9taient \u00e0 bord du v\u00e9hicule ont quant \u00e0 elles \u00e9t\u00e9 l\u00e9g\u00e8rement bless\u00e9es. Elles ont \u00e9t\u00e9 transport\u00e9es vers le CHU de Rouen.<\/p><\/p>\n","protected":false},"excerpt":{"rendered":"En plein milieu de la nuit du dimanche 21 au lundi 22 d\u00e9cembre 2025, \u00e0 Pavilly, pr\u00e8s de&hellip;\n","protected":false},"author":2,"featured_media":615957,"comment_status":"","ping_status":"","sticky":false,"template":"","format":"standard","meta":{"footnotes":""},"categories":[9587],"tags":[1111,11,1777,674,1011,27,12,5161,25,9590],"class_list":{"0":"post-615956","1":"post","2":"type-post","3":"status-publish","4":"format-standard","5":"has-post-thumbnail","7":"category-rouen","8":"tag-actu","9":"tag-actualites","10":"tag-eu","11":"tag-europe","12":"tag-fr","13":"tag-france","14":"tag-news","15":"tag-normandie","16":"tag-republique-francaise","17":"tag-rouen"},"share_on_mastodon":{"url":"https:\/\/pubeurope.com\/@fr\/115763671548679094","error":""},"_links":{"self":[{"href":"https:\/\/www.europesays.com\/fr\/wp-json\/wp\/v2\/posts\/615956","targetHints":{"allow":["GET"]}}],"collection":[{"href":"https:\/\/www.europesays.com\/fr\/wp-json\/wp\/v2\/posts"}],"about":[{"href":"https:\/\/www.europesays.com\/fr\/wp-json\/wp\/v2\/types\/post"}],"author":[{"embeddable":true,"href":"https:\/\/www.europesays.com\/fr\/wp-json\/wp\/v2\/users\/2"}],"replies":[{"embeddable":true,"href":"https:\/\/www.europesays.com\/fr\/wp-json\/wp\/v2\/comments?post=615956"}],"version-history":[{"count":0,"href":"https:\/\/www.europesays.com\/fr\/wp-json\/wp\/v2\/posts\/615956\/revisions"}],"wp:featuredmedia":[{"embeddable":true,"href":"https:\/\/www.europesays.com\/fr\/wp-json\/wp\/v2\/media\/615957"}],"wp:attachment":[{"href":"https:\/\/www.europesays.com\/fr\/wp-json\/wp\/v2\/media?parent=615956"}],"wp:term":[{"taxonomy":"category","embeddable":true,"href":"https:\/\/www.europesays.com\/fr\/wp-json\/wp\/v2\/categories?post=615956"},{"taxonomy":"post_tag","embeddable":true,"href":"https:\/\/www.europesays.com\/fr\/wp-json\/wp\/v2\/tags?post=615956"}],"curies":[{"name":"wp","href":"https:\/\/api.w.org\/{rel}","templated":true}]}}