{"id":615958,"date":"2025-12-22T14:23:14","date_gmt":"2025-12-22T14:23:14","guid":{"rendered":"https:\/\/www.europesays.com\/fr\/615958\/"},"modified":"2025-12-22T14:23:14","modified_gmt":"2025-12-22T14:23:14","slug":"grenoble-fabrice-eboue-ajoute-une-date-supplementaire-au-summum","status":"publish","type":"post","link":"https:\/\/www.europesays.com\/fr\/615958\/","title":{"rendered":"Grenoble. Fabrice \u00c9bou\u00e9 ajoute une date suppl\u00e9mentaire au Summum"},"content":{"rendered":"<p>Alors que la s\u00e9ance du samedi 21\u00a0mars 2026 est \u00e0 guichets ferm\u00e9s, Fabrice \u00c9bou\u00e9 ajoute une deuxi\u00e8me date au Summum, en 2027. Apr\u00e8s la tourn\u00e9e triomphale d\u2019Adieu Hier, et un nouveau film devant et derri\u00e8re la cam\u00e9ra, G\u00e9rald le Conqu\u00e9rant, l\u2019humoriste qui a \u00e9t\u00e9 r\u00e9v\u00e9l\u00e9 par le Jamel Comedy Club, revient avec un spectacle, Solitudes.<\/p>\n<p class=\"note\">Jeudi 1er\u00a0avril 2027 \u00e0 20 heures au Summum, Grenoble. 42\/52\u00a0\u20ac.<\/p>\n","protected":false},"excerpt":{"rendered":"Alors que la s\u00e9ance du samedi 21\u00a0mars 2026 est \u00e0 guichets ferm\u00e9s, Fabrice \u00c9bou\u00e9 ajoute une deuxi\u00e8me date&hellip;\n","protected":false},"author":2,"featured_media":615959,"comment_status":"","ping_status":"","sticky":false,"template":"","format":"standard","meta":{"footnotes":""},"categories":[9566],"tags":[1111,11,2430,1687,112,1777,674,1011,27,2731,2732,108,12,25,3140],"class_list":{"0":"post-615958","1":"post","2":"type-post","3":"status-publish","4":"format-standard","5":"has-post-thumbnail","7":"category-grenoble","8":"tag-actu","9":"tag-actualites","10":"tag-auvergne-rhone-alpes","11":"tag-culture-loisirs","12":"tag-edition-grenoble-agglomeration","13":"tag-eu","14":"tag-europe","15":"tag-fr","16":"tag-france","17":"tag-grenoble","18":"tag-grenoble-bassin","19":"tag-isere","20":"tag-news","21":"tag-republique-francaise","22":"tag-spectacle"},"share_on_mastodon":{"url":"https:\/\/pubeurope.com\/@fr\/115763675487665274","error":""},"_links":{"self":[{"href":"https:\/\/www.europesays.com\/fr\/wp-json\/wp\/v2\/posts\/615958","targetHints":{"allow":["GET"]}}],"collection":[{"href":"https:\/\/www.europesays.com\/fr\/wp-json\/wp\/v2\/posts"}],"about":[{"href":"https:\/\/www.europesays.com\/fr\/wp-json\/wp\/v2\/types\/post"}],"author":[{"embeddable":true,"href":"https:\/\/www.europesays.com\/fr\/wp-json\/wp\/v2\/users\/2"}],"replies":[{"embeddable":true,"href":"https:\/\/www.europesays.com\/fr\/wp-json\/wp\/v2\/comments?post=615958"}],"version-history":[{"count":0,"href":"https:\/\/www.europesays.com\/fr\/wp-json\/wp\/v2\/posts\/615958\/revisions"}],"wp:featuredmedia":[{"embeddable":true,"href":"https:\/\/www.europesays.com\/fr\/wp-json\/wp\/v2\/media\/615959"}],"wp:attachment":[{"href":"https:\/\/www.europesays.com\/fr\/wp-json\/wp\/v2\/media?parent=615958"}],"wp:term":[{"taxonomy":"category","embeddable":true,"href":"https:\/\/www.europesays.com\/fr\/wp-json\/wp\/v2\/categories?post=615958"},{"taxonomy":"post_tag","embeddable":true,"href":"https:\/\/www.europesays.com\/fr\/wp-json\/wp\/v2\/tags?post=615958"}],"curies":[{"name":"wp","href":"https:\/\/api.w.org\/{rel}","templated":true}]}}