{"id":61596,"date":"2025-04-29T10:50:38","date_gmt":"2025-04-29T10:50:38","guid":{"rendered":"https:\/\/www.europesays.com\/fr\/61596\/"},"modified":"2025-04-29T10:50:38","modified_gmt":"2025-04-29T10:50:38","slug":"grand-est-nancy-programme-la-semaine-mondiale-des-robots","status":"publish","type":"post","link":"https:\/\/www.europesays.com\/fr\/61596\/","title":{"rendered":"Grand Est. Nancy programme la semaine mondiale des robots"},"content":{"rendered":"<p>D\u2019embl\u00e9e, il impose le respect avec son m\u00e8tre quatre-vingt et son quintal. Bard\u00e9 de capteurs, il pose fi\u00e8rement, assis dans un des canap\u00e9s du centre des congr\u00e8s Jean-Prouv\u00e9 de Nancy \u00e0 c\u00f4t\u00e9 de Jean-Baptiste Mouret. \u00ab\u00a0Lui s\u2019appelle Talos, nous en avons de plusieurs tailles\u00a0\u00bb, sourit le directeur de recherche de l\u2019Institut national de recherche en sciences et technologies du num\u00e9rique (Inria) Lorraine.<\/p>\n<p>Nancy s\u2019illumine d\u00e9j\u00e0 pour les f\u00eates de fin d\u2019ann\u00e9e en ce quatri\u00e8me week-end de novembre. Mais les \u00e9toiles sont aussi, jusqu\u2019au 28 novembre, dans les yeux des visiteurs avec <a href=\"https:\/\/www.inria.fr\/fr\/semaine-internationale-robotique-nancy-novembre-2024\" target=\"_blank\" rel=\"nofollow noopener\">une semaine internationale d\u00e9di\u00e9e \u00ab\u00a0aux robots humano\u00efdes,&#8230;<\/a><\/p>\n","protected":false},"excerpt":{"rendered":"D\u2019embl\u00e9e, il impose le respect avec son m\u00e8tre quatre-vingt et son quintal. Bard\u00e9 de capteurs, il pose fi\u00e8rement,&hellip;\n","protected":false},"author":2,"featured_media":61597,"comment_status":"","ping_status":"","sticky":false,"template":"","format":"standard","meta":{"footnotes":""},"categories":[9635],"tags":[1111,11,33,1704,1777,674,1011,27,775,5015,3457,1702,1703,12,3456,25,216],"class_list":{"0":"post-61596","1":"post","2":"type-post","3":"status-publish","4":"format-standard","5":"has-post-thumbnail","7":"category-nancy","8":"tag-actu","9":"tag-actualites","10":"tag-economie","11":"tag-edition-nancy-et-agglomeration","12":"tag-eu","13":"tag-europe","14":"tag-fr","15":"tag-france","16":"tag-grand-est","17":"tag-innovation-et-start-up","18":"tag-meurthe-et-moselle","19":"tag-nancy","20":"tag-nancy-ville-54b","21":"tag-news","22":"tag-region-lorraine","23":"tag-republique-francaise","24":"tag-vie-des-entreprises"},"share_on_mastodon":{"url":"https:\/\/pubeurope.com\/@fr\/114420870251599041","error":""},"_links":{"self":[{"href":"https:\/\/www.europesays.com\/fr\/wp-json\/wp\/v2\/posts\/61596","targetHints":{"allow":["GET"]}}],"collection":[{"href":"https:\/\/www.europesays.com\/fr\/wp-json\/wp\/v2\/posts"}],"about":[{"href":"https:\/\/www.europesays.com\/fr\/wp-json\/wp\/v2\/types\/post"}],"author":[{"embeddable":true,"href":"https:\/\/www.europesays.com\/fr\/wp-json\/wp\/v2\/users\/2"}],"replies":[{"embeddable":true,"href":"https:\/\/www.europesays.com\/fr\/wp-json\/wp\/v2\/comments?post=61596"}],"version-history":[{"count":0,"href":"https:\/\/www.europesays.com\/fr\/wp-json\/wp\/v2\/posts\/61596\/revisions"}],"wp:featuredmedia":[{"embeddable":true,"href":"https:\/\/www.europesays.com\/fr\/wp-json\/wp\/v2\/media\/61597"}],"wp:attachment":[{"href":"https:\/\/www.europesays.com\/fr\/wp-json\/wp\/v2\/media?parent=61596"}],"wp:term":[{"taxonomy":"category","embeddable":true,"href":"https:\/\/www.europesays.com\/fr\/wp-json\/wp\/v2\/categories?post=61596"},{"taxonomy":"post_tag","embeddable":true,"href":"https:\/\/www.europesays.com\/fr\/wp-json\/wp\/v2\/tags?post=61596"}],"curies":[{"name":"wp","href":"https:\/\/api.w.org\/{rel}","templated":true}]}}