{"id":615960,"date":"2025-12-22T14:24:22","date_gmt":"2025-12-22T14:24:22","guid":{"rendered":"https:\/\/www.europesays.com\/fr\/615960\/"},"modified":"2025-12-22T14:24:22","modified_gmt":"2025-12-22T14:24:22","slug":"grenoble-le-grand-retour-de-veronic-dicaire-en-2027","status":"publish","type":"post","link":"https:\/\/www.europesays.com\/fr\/615960\/","title":{"rendered":"Grenoble. Le grand retour de V\u00e9ronic DiCaire en 2027"},"content":{"rendered":"<p>Dans ce nouveau spectacle, entour\u00e9e de ses musiciens en live, l\u2019imitatrice V\u00e9ronic DiCaire r\u00e9v\u00e8le une facette plus personnelle et met l\u2019\u00e9motion au premier plan. Entre imitations, humour et performances musicales intenses, l\u2019artiste offre une exp\u00e9rience o\u00f9 chaque voix d\u00e9voile une part d\u2019elle. Un show unique, vibrant et authentique, qui rapproche le public au plus pr\u00e8s de son univers. Une soir\u00e9e \u00e0 ne pas manquer.<\/p>\n<p class=\"note\">Dimanche 7\u00a0f\u00e9vrier 2027 \u00e0 19 heures au Summum \u00e0 Grenoble. De 50 \u00e0 72\u00a0\u20ac.<\/p>\n","protected":false},"excerpt":{"rendered":"Dans ce nouveau spectacle, entour\u00e9e de ses musiciens en live, l\u2019imitatrice V\u00e9ronic DiCaire r\u00e9v\u00e8le une facette plus personnelle&hellip;\n","protected":false},"author":2,"featured_media":615961,"comment_status":"","ping_status":"","sticky":false,"template":"","format":"standard","meta":{"footnotes":""},"categories":[9566],"tags":[1111,11,2430,1687,112,1777,674,1011,27,2731,2732,108,12,25,3140],"class_list":{"0":"post-615960","1":"post","2":"type-post","3":"status-publish","4":"format-standard","5":"has-post-thumbnail","7":"category-grenoble","8":"tag-actu","9":"tag-actualites","10":"tag-auvergne-rhone-alpes","11":"tag-culture-loisirs","12":"tag-edition-grenoble-agglomeration","13":"tag-eu","14":"tag-europe","15":"tag-fr","16":"tag-france","17":"tag-grenoble","18":"tag-grenoble-bassin","19":"tag-isere","20":"tag-news","21":"tag-republique-francaise","22":"tag-spectacle"},"share_on_mastodon":{"url":"https:\/\/pubeurope.com\/@fr\/115763679256403097","error":""},"_links":{"self":[{"href":"https:\/\/www.europesays.com\/fr\/wp-json\/wp\/v2\/posts\/615960","targetHints":{"allow":["GET"]}}],"collection":[{"href":"https:\/\/www.europesays.com\/fr\/wp-json\/wp\/v2\/posts"}],"about":[{"href":"https:\/\/www.europesays.com\/fr\/wp-json\/wp\/v2\/types\/post"}],"author":[{"embeddable":true,"href":"https:\/\/www.europesays.com\/fr\/wp-json\/wp\/v2\/users\/2"}],"replies":[{"embeddable":true,"href":"https:\/\/www.europesays.com\/fr\/wp-json\/wp\/v2\/comments?post=615960"}],"version-history":[{"count":0,"href":"https:\/\/www.europesays.com\/fr\/wp-json\/wp\/v2\/posts\/615960\/revisions"}],"wp:featuredmedia":[{"embeddable":true,"href":"https:\/\/www.europesays.com\/fr\/wp-json\/wp\/v2\/media\/615961"}],"wp:attachment":[{"href":"https:\/\/www.europesays.com\/fr\/wp-json\/wp\/v2\/media?parent=615960"}],"wp:term":[{"taxonomy":"category","embeddable":true,"href":"https:\/\/www.europesays.com\/fr\/wp-json\/wp\/v2\/categories?post=615960"},{"taxonomy":"post_tag","embeddable":true,"href":"https:\/\/www.europesays.com\/fr\/wp-json\/wp\/v2\/tags?post=615960"}],"curies":[{"name":"wp","href":"https:\/\/api.w.org\/{rel}","templated":true}]}}