{"id":615966,"date":"2025-12-22T14:30:21","date_gmt":"2025-12-22T14:30:21","guid":{"rendered":"https:\/\/www.europesays.com\/fr\/615966\/"},"modified":"2025-12-22T14:30:21","modified_gmt":"2025-12-22T14:30:21","slug":"la-creation-du-square-des-halles-avance-voici-ou-en-est-le-chantier","status":"publish","type":"post","link":"https:\/\/www.europesays.com\/fr\/615966\/","title":{"rendered":"la cr\u00e9ation du square des Halles avance, voici o\u00f9 en est le chantier"},"content":{"rendered":"<p>                    Par<br \/>\n        <strong><br \/>\n            <a href=\"https:\/\/actu.fr\/auteur\/thomas-blanc\" title=\"Consulter tous les articles de Thomas Blanc\" target=\"_blank\" rel=\"noopener\">Thomas Blanc<\/a><br \/>\n                    <\/strong><\/p>\n<p>        Publi\u00e9 le<\/p>\n<p>            22 d\u00e9c. 2025 \u00e0 14h35        <\/p>\n<p>Il faisait partie des <a href=\"https:\/\/actu.fr\/grand-est\/strasbourg_67482\/strasbourg-la-maire-promet-que-tous-les-gros-chantiers-de-la-ville-seront-finis-avant-le-marche-de-noel-2025_63205348.html\" target=\"_blank\" rel=\"noopener\">chantiers dont la fin \u00e9tait pr\u00e9vue pour le 26\u00a0novembre 2025 selon la maire de Strasbourg<\/a>, Jeanne Barseghian. Le <a href=\"https:\/\/actu.fr\/grand-est\/strasbourg_67482\/strasbourg-la-transformation-du-secteur-des-halles-arrive-a-son-terme-voici-ce-qu-il-reste-a-faire_63457857.html\" target=\"_blank\" rel=\"noopener\">r\u00e9am\u00e9nagement du secteur des Halles<\/a> et l\u2019agrandissement du square du m\u00eame nom lui offrant une superficie <strong>de <\/strong><strong>4 000 m\u00b2<\/strong> se sont poursuivis<strong> durant le mois de d\u00e9cembre<\/strong> et sont toujours en cours. Voici o\u00f9 en est le chantier.<\/p>\n<p>L\u2019aire de jeu, au centre du square, est d\u00e9sormais ouverte au public<\/p>\n<p class=\" wall-content\">Depuis la mi-novembre, date \u00e0 laquelle la maire de <a href=\"https:\/\/actu.fr\/strasbourg\/\" target=\"_blank\" rel=\"noopener\">Strasbourg<\/a> a pr\u00e9sent\u00e9 les avanc\u00e9es du chantier de <a href=\"https:\/\/actu.fr\/grand-est\/strasbourg_67482\/strasbourg-les-habitants-des-halles-conciliants-malgre-les-travaux-massifs-c-est-pas-trop-mal-organise_63377271.html\" target=\"_blank\" rel=\"noopener\">transformation du secteur des Halles<\/a>, il y a du nouveau. Tout au long du mois de d\u00e9cembre, \u00ab<strong>\u2009des travaux de finition des voiries<\/strong>\u2009\u00bb, comme la signal\u00e9tique au sol autour de <strong>la nouvelle piste cyclable<\/strong>, ont \u00e9t\u00e9 r\u00e9alis\u00e9s, nous indique la Ville de Strasbourg.<\/p>\n<p class=\" wall-content\">Aussi, l\u2019aire de jeu, au centre du square, <strong>est d\u00e9sormais ouverte au public<\/strong>. Les enfants du quartier pourront en profiter durant ces vacances de fin d\u2019ann\u00e9e. Cela est possible gr\u00e2ce au<strong>\u00a0retrait des engins et mat\u00e9riaux de chantier<\/strong> de la zone depuis le jeudi 18\u00a0d\u00e9cembre.<\/p>\n<p>Les travaux reprendront cependant \u00e0 la mi-janvier<\/p>\n<p class=\" wall-content\">Pour autant, il restera encore \u00e0 faire<strong> au d\u00e9but de l\u2019ann\u00e9e 2026<\/strong> pour pouvoir enti\u00e8rement profiter du tout nouvel espace.<\/p>\n<p class=\" wall-content\">\u00c0 la mi-janvier, quand les <a href=\"https:\/\/actu.fr\/tag\/travaux\" target=\"_blank\" rel=\"noopener\">travaux<\/a> reprendront, ils se concentreront sur \u00ab\u2009les finitions\u2009\u00bb, comme \u00ab<strong>\u2009les plantations et l\u2019installation du mobilier urbain<\/strong>\u2009du square\u2009\u00bb. La cl\u00f4ture qui entourera le parc, derni\u00e8re pi\u00e8ce du chantier, se fera attendre jusqu\u2019au 15\u00a0f\u00e9vrier environ.<\/p>\n<p class=\" wall-content\">Personnalisez votre actualit\u00e9 en ajoutant vos villes et m\u00e9dias en favori avec <a href=\"https:\/\/moncompte.actu.fr\" title=\"D\u00e9couvez Mon Actu\" rel=\"nofollow noopener\" data-trk=\"{&quot;cta&quot;:{&quot;action&quot;:&quot;https:\\\/\\\/moncompte.actu.fr&quot;,&quot;category&quot;:&quot;mon compte&quot;,&quot;from&quot;:&quot;article footer&quot;,&quot;name&quot;:&quot;Mon actu&quot;,&quot;type&quot;:&quot;cta&quot;}}\" target=\"_blank\">Mon Actu<\/a>.<\/p>\n","protected":false},"excerpt":{"rendered":"Par Thomas Blanc Publi\u00e9 le 22 d\u00e9c. 2025 \u00e0 14h35 Il faisait partie des chantiers dont la fin&hellip;\n","protected":false},"author":2,"featured_media":615967,"comment_status":"","ping_status":"","sticky":false,"template":"","format":"standard","meta":{"footnotes":""},"categories":[2820],"tags":[1111,11,1777,674,1011,27,775,12,25,104,640,2086,1352],"class_list":{"0":"post-615966","1":"post","2":"type-post","3":"status-publish","4":"format-standard","5":"has-post-thumbnail","7":"category-strasbourg","8":"tag-actu","9":"tag-actualites","10":"tag-eu","11":"tag-europe","12":"tag-fr","13":"tag-france","14":"tag-grand-est","15":"tag-news","16":"tag-republique-francaise","17":"tag-societe","18":"tag-strasbourg","19":"tag-travaux","20":"tag-urbanisme"},"share_on_mastodon":{"url":"https:\/\/pubeurope.com\/@fr\/115763702836979366","error":""},"_links":{"self":[{"href":"https:\/\/www.europesays.com\/fr\/wp-json\/wp\/v2\/posts\/615966","targetHints":{"allow":["GET"]}}],"collection":[{"href":"https:\/\/www.europesays.com\/fr\/wp-json\/wp\/v2\/posts"}],"about":[{"href":"https:\/\/www.europesays.com\/fr\/wp-json\/wp\/v2\/types\/post"}],"author":[{"embeddable":true,"href":"https:\/\/www.europesays.com\/fr\/wp-json\/wp\/v2\/users\/2"}],"replies":[{"embeddable":true,"href":"https:\/\/www.europesays.com\/fr\/wp-json\/wp\/v2\/comments?post=615966"}],"version-history":[{"count":0,"href":"https:\/\/www.europesays.com\/fr\/wp-json\/wp\/v2\/posts\/615966\/revisions"}],"wp:featuredmedia":[{"embeddable":true,"href":"https:\/\/www.europesays.com\/fr\/wp-json\/wp\/v2\/media\/615967"}],"wp:attachment":[{"href":"https:\/\/www.europesays.com\/fr\/wp-json\/wp\/v2\/media?parent=615966"}],"wp:term":[{"taxonomy":"category","embeddable":true,"href":"https:\/\/www.europesays.com\/fr\/wp-json\/wp\/v2\/categories?post=615966"},{"taxonomy":"post_tag","embeddable":true,"href":"https:\/\/www.europesays.com\/fr\/wp-json\/wp\/v2\/tags?post=615966"}],"curies":[{"name":"wp","href":"https:\/\/api.w.org\/{rel}","templated":true}]}}