{"id":615968,"date":"2025-12-22T14:32:12","date_gmt":"2025-12-22T14:32:12","guid":{"rendered":"https:\/\/www.europesays.com\/fr\/615968\/"},"modified":"2025-12-22T14:32:12","modified_gmt":"2025-12-22T14:32:12","slug":"bertrand-gasiglia-le-maire-de-tourrette-levens-brigue-un-second-mandat-aux-elections-municipales-de-mars-2026","status":"publish","type":"post","link":"https:\/\/www.europesays.com\/fr\/615968\/","title":{"rendered":"Bertrand Gasiglia, le maire de Tourrette-Levens, brigue un second mandat aux \u00e9lections municipales de mars 2026"},"content":{"rendered":"<p class=\"fs-5 \">Originaire de Tourrette-Levens et maire de la commune depuis 2020, Bertrand Gasiglia veut poursuivre son engagement. Il se repr\u00e9sente aux \u00e9lections municipales du 15 et 22 mars 2026, sans \u00e9tiquette, pour continuer d\u2019accompagner les 4 700 Tourrettans \u00e0 l\u2019occasion d\u2019un second mandat.<\/p>\n<p class=\"fs-5 \"><strong>Quel bilan dressez-vous de votre premier mandat ?<\/strong><\/p>\n<p class=\"fs-5 \">Il a d\u00e9but\u00e9 de mani\u00e8re tr\u00e8s particuli\u00e8re, restreint \u00e0 cause du Covid dans les d\u00e9placements, dans les \u00e9v\u00e8nements, les rencontres&#8230; Mais nous avons pu instaurer pas mal de dynamiques. Je suis tr\u00e8s content que deux nouveaux comit\u00e9s des f\u00eates se soient cr\u00e9\u00e9s, en plus du troisi\u00e8me principal qui existe depuis toujours. On a une cave \u00e0 vin qui vient d\u2019ouvrir aussi, quatre jeunes m\u00e9decins entre 30 et 37 ans qui sont venus faire de la m\u00e9decine de village. Tout d\u00e9but f\u00e9vrier, on aura une orthodontiste qui viendra s\u2019installer. C\u2019est tr\u00e8s positif et c\u2019est la preuve que le climat que nous cr\u00e9ons permet \u00e0 des particuliers de se sentir bien, de se d\u00e9velopper, d\u2019investir \u00e0 Tourrette-Levens. L\u2019id\u00e9e, pour le prochain mandat, c\u2019est de prolonger cette dynamique. <a href=\"https:\/\/www.nicematin.com\/faits-divers\/un-rocher-s-ecrase-sur-une-salle-de-l-ecole-de-tourrette-levens-on-a-eu-de-la-chance-temoigne-le-maire-971056\" target=\"_blank\" rel=\"noopener\">On a eu \u00e0 g\u00e9rer la chute d\u2019un rocher dans l\u2019\u00e9cole<\/a> (1) et avons lanc\u00e9 des travaux \u00e0 l\u2019automne, avec quasiment un million d\u2019euros pour s\u00e9curiser la falaise. Forc\u00e9ment, les cons\u00e9quences financi\u00e8res de cet incident ont ralenti notre projet. Mais je pense qu\u2019on a tenu nos engagements.<\/p>\n<p class=\"fs-5 \"><strong>La Commune a aussi contribu\u00e9 \u00e0 ce d\u00e9veloppement ?<\/strong><\/p>\n<p class=\"fs-5 \">Oui, on a r\u00e9nov\u00e9 trois jardins d\u2019enfants. En 2023, on a inaugur\u00e9 un p\u00f4le sportif familial \u00e0 Brocarel avec deux padels, deux tennis, un terrain de beach, une salle de sport&#8230;Il y a aujourd\u2019hui plusieurs centaines d\u2019adh\u00e9rents et d\u2019utilisateurs. On a aussi refait enti\u00e8rement le terrain de football avec une pelouse synth\u00e9tique nouvelle.<\/p>\n<p class=\"fs-5 \"><strong>Vous parliez de m\u00e9decins : il en manque, \u00e0 Tourrette ?<\/strong><\/p>\n<p class=\"fs-5 \">La question de la sant\u00e9 publique est un vrai enjeu. Il y a un besoin diff\u00e9rent du haut pays parce qu\u2019on est tout pr\u00e8s de Nice. Mais quand je suis arriv\u00e9, il n\u2019y avait plus qu\u2019un seul m\u00e9decin. Aujourd\u2019hui, il y en a cinq, dont quatre jeunes dans des locaux communaux. Et ces quatre m\u00e9decins se projettent dans le p\u00f4le sant\u00e9 qu\u2019on est en train de cr\u00e9er. Il a pris du retard parce que le premier projet \u00e9tait beaucoup trop on\u00e9reux. Mais d\u00e9sormais, l\u2019architecte a \u00e9t\u00e9 retenu et nous devrions d\u00e9poser le permis de construire au printemps. Il sera adapt\u00e9 pour les m\u00e9decins g\u00e9n\u00e9ralistes, les kin\u00e9s, les infirmi\u00e8res, les ost\u00e9opathes. Un \u00e9chographe souhaite aussi s\u2019y installer. C\u2019est un projet qui va avoisiner, sans doute, les 2 millions d\u2019euros.<\/p>\n<p class=\"fs-5 \"><a href=\"https:\/\/www.nicematin.com\/societe\/politique\/municipales-2026\/poursuivre-dans-l-immobilisme-ou-construire-un-avenir-meilleur-jerome-basti-va-affronter-le-maire-sortant-de-tourrette-levens-bertrand-gasiglia-aux-municipales-de-2026-10651410\" target=\"_blank\" rel=\"noopener\"><strong>Votre adversaire, J\u00e9r\u00f4me Basti<\/strong><\/a><strong>, regrette une situation financi\u00e8re \u00ab alarmante \u00bb \u00e0 Tourrette. C\u2019est inqui\u00e9tant ?<\/strong><\/p>\n<p class=\"fs-5 \">Les Tourrettans voient que, sur leur feuille d\u2019imp\u00f4t, les taux communaux n\u2019ont pas boug\u00e9 depuis plus de 14 ans maintenant. On a beaucoup investi et doubl\u00e9 l\u2019investissement pour le porter \u00e0 3 millions d\u2019euros. On a achet\u00e9 des b\u00e2timents et des terrains pour pr\u00e9parer l\u2019avenir. Ils seront source de revenus, donc je ne suis pas inquiet du tout pour la sant\u00e9 de ma commune.<\/p>\n<p class=\"fs-5 \"><strong>Comment envisagez-vous cette adversit\u00e9 avec J\u00e9r\u00f4me Basti ?<\/strong><\/p>\n<p class=\"fs-5 \">Avec respect. En d\u00e9mocratie, chacun a le droit de critiquer, de proposer, de commenter. Le d\u00e9bat \u00e9lectoral est parfois un peu excessif, mais ce n\u2019est pas propre \u00e0 ma commune. Je le respecte, je pense qu\u2019il me respecte aussi. Ce qui nous diff\u00e9rencie, c\u2019est que moi, je g\u00e8re, lui, il critique. C\u2019est plus simple de critiquer et de proposer que de g\u00e9rer au quotidien.<\/p>\n<p class=\"fs-5 \"><strong>Quels sont vos projets ?<\/strong><\/p>\n<p class=\"fs-5 \">Il y a bien s\u00fbr <a href=\"https:\/\/www.nicematin.com\/societe\/jeunesse\/une-maison-de-sante-va-voir-le-jour-a-tourrette-levens-466702\" target=\"_blank\" rel=\"noopener\">la maison de sant\u00e9<\/a> dont nous parlions. Ce sera vraiment le gros projet. Mais je souhaite aussi qu\u2019on puisse livrer, dans le mandat, des cantines \u00e0 proximit\u00e9 imm\u00e9diate des \u00e9coles de quartier. Aujourd\u2019hui, les enfants se rendent en mini-bus \u00e0 la cantine. Nous avons d\u00e9j\u00e0, pour l\u2019une des \u00e9coles, achet\u00e9 un terrain juste en face. Il y a aussi la question de l\u2019\u00e9glise, qui est toujours partiellement ferm\u00e9e en raison de mouvements de terrain. J\u2019attends impatiemment le diagnostic pr\u00e9cis du g\u00e9ologue, qui tarde \u00e0 venir, mais nous engagerons aussi ces travaux.<\/p>\n<p>                                                                                Comment d\u00e9crire votre village ?<\/p>\n<p class=\"fs-5 \">Tourrette est un village tr\u00e8s nature, avec 85 % en zone naturelle et qui le restera. C\u2019est un village qui offre des services de bourg centre, tout en \u00e9tant tr\u00e8s proches du littoral. Mais on a un village pr\u00e9serv\u00e9 et c\u2019est ce que je souhaite continuer \u00e0 avoir.<\/p>\n<p class=\"fs-5 \">1. Un \u00e9norme bloc rocheux s\u2019est abattu dans la nuit du 23 au 24 janvier sur un b\u00e2timent annexe de l\u2019\u00e9cole primaire Tordo, une salle d\u2019activit\u00e9. Fort heureusement, aucune victime n\u2019avait \u00e9t\u00e9 d\u00e9plor\u00e9e.<\/p>\n","protected":false},"excerpt":{"rendered":"Originaire de Tourrette-Levens et maire de la commune depuis 2020, Bertrand Gasiglia veut poursuivre son engagement. Il se&hellip;\n","protected":false},"author":2,"featured_media":615969,"comment_status":"","ping_status":"","sticky":false,"template":"","format":"standard","meta":{"footnotes":""},"categories":[2819],"tags":[1111,11,1777,674,1011,27,3434,12,2401,882,25],"class_list":{"0":"post-615968","1":"post","2":"type-post","3":"status-publish","4":"format-standard","5":"has-post-thumbnail","7":"category-nice","8":"tag-actu","9":"tag-actualites","10":"tag-eu","11":"tag-europe","12":"tag-fr","13":"tag-france","14":"tag-municipales-2026","15":"tag-news","16":"tag-nice","17":"tag-provence-alpes-cote-dazur","18":"tag-republique-francaise"},"share_on_mastodon":{"url":"https:\/\/pubeurope.com\/@fr\/115763710862577214","error":""},"_links":{"self":[{"href":"https:\/\/www.europesays.com\/fr\/wp-json\/wp\/v2\/posts\/615968","targetHints":{"allow":["GET"]}}],"collection":[{"href":"https:\/\/www.europesays.com\/fr\/wp-json\/wp\/v2\/posts"}],"about":[{"href":"https:\/\/www.europesays.com\/fr\/wp-json\/wp\/v2\/types\/post"}],"author":[{"embeddable":true,"href":"https:\/\/www.europesays.com\/fr\/wp-json\/wp\/v2\/users\/2"}],"replies":[{"embeddable":true,"href":"https:\/\/www.europesays.com\/fr\/wp-json\/wp\/v2\/comments?post=615968"}],"version-history":[{"count":0,"href":"https:\/\/www.europesays.com\/fr\/wp-json\/wp\/v2\/posts\/615968\/revisions"}],"wp:featuredmedia":[{"embeddable":true,"href":"https:\/\/www.europesays.com\/fr\/wp-json\/wp\/v2\/media\/615969"}],"wp:attachment":[{"href":"https:\/\/www.europesays.com\/fr\/wp-json\/wp\/v2\/media?parent=615968"}],"wp:term":[{"taxonomy":"category","embeddable":true,"href":"https:\/\/www.europesays.com\/fr\/wp-json\/wp\/v2\/categories?post=615968"},{"taxonomy":"post_tag","embeddable":true,"href":"https:\/\/www.europesays.com\/fr\/wp-json\/wp\/v2\/tags?post=615968"}],"curies":[{"name":"wp","href":"https:\/\/api.w.org\/{rel}","templated":true}]}}