{"id":615970,"date":"2025-12-22T14:33:16","date_gmt":"2025-12-22T14:33:16","guid":{"rendered":"https:\/\/www.europesays.com\/fr\/615970\/"},"modified":"2025-12-22T14:33:16","modified_gmt":"2025-12-22T14:33:16","slug":"a-nice-ciotti-plaide-pour-plus-de-transparence-et-promet-zero-frais-de-representation","status":"publish","type":"post","link":"https:\/\/www.europesays.com\/fr\/615970\/","title":{"rendered":"\u00e0 Nice, Ciotti plaide pour \u00abplus de transparence\u00bb et promet \u00abz\u00e9ro frais de repr\u00e9sentation\u00bb"},"content":{"rendered":"<p>\n    Le candidat \u00e0 l\u2019h\u00f4tel de ville ni\u00e7ois a tenu \u00e0 s\u2019engager sur davantage de transparence, pointant du doigt au passage les \u00abd\u00e9rives\u00bb de son rival Christian Estrosi.<\/p>\n<p class=\"fig-paragraph\">Le rendez-vous est d\u00e9sormais presque rituel, \u00e0 tout le moins hebdomadaire. Ce lundi matin, \u00e0 l\u2019h\u00f4tel Aston La Scala, \u00c9ric Ciotti pr\u00e9sentait \u00e0 la presse un nouveau colistier\u00a0: Patrick-Marc Le Donne, ancien b\u00e2tonnier du barreau de Nice (Alpes-Maritimes), pressenti comme \u00abfutur adjoint \u00e0 l\u2019\u00e9thique et \u00e0 la transparence\u00bb en cas de victoire du candidat UDR en mars prochain. L\u2019occasion, surtout, pour le pr\u00e9tendant \u00e0 l\u2019h\u00f4tel de ville de Nice d\u2019afficher un \u00abengagement personnel en tant que futur maire\u00bb, en opposition frontale \u00e0 la mandature de son \u00e9ternel rival,\u00a0<a href=\"http:\/\/www.lefigaro.fr\/nice\/une-brigade-des-stups-permanente-de-la-police-municipale-l-annonce-d-estrosi-est-elle-vraiment-applicable-20251129\" data-fig-type=\"NewsFlash\" data-gtm-custom-categorie=\"navigation\" data-gtm-custom-action=\"crossclick\" data-gtm-custom-label=\"Contextuel\" data-gtm-event=\"customEventSPE\" data-fig-domain=\"LEFIGARO\" target=\"_blank\" rel=\"noopener\">Christian Estrosi<\/a>.<\/p>\n<p class=\"fig-paragraph\">Le candidat de l\u2019union des droites a ainsi assur\u00e9 qu\u2019il n\u2019y aurait \u00abaucun recours \u00e0 la protection fonctionnelle pour les proc\u00e9dures en diffamation visant des opposants politiques\u00bb, \u00abaucuns frais de repr\u00e9sentation\u00bb ni \u00abaucune activit\u00e9 de conseil en plus de la fonction de maire\u00bb. Une prise de position qui r\u00e9sonne avec les pol\u00e9miques actuelles de la vie politique ni\u00e7oise, alors que les frais d\u2019avocat du pr\u00e9sident-maire de Nice sont effectivement\u00a0<a href=\"http:\/\/www.lefigaro.fr\/nice\/a-nice-la-protection-fonctionnelle-accordee-a-christian-estrosi-pour-une-plainte-contre-eric-ciotti-fait-polemique-20251024\" data-fig-type=\"NewsFlash\" data-gtm-custom-categorie=\"navigation\" data-gtm-custom-action=\"crossclick\" data-gtm-custom-label=\"Contextuel\" data-gtm-event=\"customEventSPE\" data-fig-domain=\"LEFIGARO\" target=\"_blank\" rel=\"noopener\">pris en charge par la m\u00e9tropole<\/a>, dans le cadre d\u2019une plainte en diffamation contre&#8230; \u00c9ric Ciotti.<\/p>\n<p>                                            <a class=\"fig-a11y-skip\" href=\"#fig-a11y-skip-main-inarticle\" data-module=\"a11y-skip\" data-context=\"was @visible\"><br \/>\n    Passer la publicit\u00e9<br \/>\n<\/a>            <\/p>\n<p>                                            \u00abJe ne financerai pas de grand prix de Formule 1\u00bb<\/p>\n<p class=\"fig-paragraph\">\u00abChacun assumera s\u2019il veut faire du contentieux sur ses deniers personnels, mais ce n\u2019est pas au contribuable d\u2019arbitrer des conflits\u00bb, estime ce dernier, qui qualifie \u00abd\u2019abus\u00bb et de \u00abd\u00e9voiement\u00bb du dispositif pr\u00e9vu par la loi cette mesure vot\u00e9e par le conseil m\u00e9tropolitain.<\/p>\n<p class=\"fig-paragraph\">Quant \u00e0 la fin des frais de repr\u00e9sentation, cette proposition d\u2019\u00c9ric Ciotti renvoie directement au classement de Mediapart, qui classe Christian Estrosi comme\u00a0<a href=\"http:\/\/www.lefigaro.fr\/nice\/a-nice-christian-estrosi-contraint-de-se-justifier-sur-ses-frais-de-representation-20251205\" data-fig-type=\"NewsFlash\" data-gtm-custom-categorie=\"navigation\" data-gtm-custom-action=\"crossclick\" data-gtm-custom-label=\"Contextuel\" data-gtm-event=\"customEventSPE\" data-fig-domain=\"LEFIGARO\" target=\"_blank\" rel=\"noopener\">l\u2019\u00e9lu le plus d\u00e9pensier de France<\/a>\u00a0en 2024. La M\u00e9tropole d\u00e9nonce pour sa part \u00abplusieurs informations inexactes\u00bb et certifie avoir rembours\u00e9,\u00a0\u00abcomme chaque ann\u00e9e\u00bb,\u00a0les deux tiers des sommes engag\u00e9es. \u00abLes \u00e9lus per\u00e7oivent des indemnit\u00e9s et \u00e7a suffit. Il n\u2019y a aucune raison qu\u2019il y ait des frais de repr\u00e9sentation qui, en plus, sont d\u2019une opacit\u00e9 totale\u00bb, a balay\u00e9 Ciotti, avant de cibler les activit\u00e9s de conseil de son rival. \u00abJe ne serai que maire afin d\u2019\u00e9viter tout soup\u00e7on de conflit d\u2019int\u00e9r\u00eats. Je ne financerai pas de\u00a0<a href=\"http:\/\/www.lefigaro.fr\/nice\/formule-1-cette-enquete-sur-la-gestion-du-grand-prix-de-france-qui-embarrasse-christian-estrosi-20230927\" data-fig-type=\"NewsFlash\" data-gtm-custom-categorie=\"navigation\" data-gtm-custom-action=\"crossclick\" data-gtm-custom-label=\"Contextuel\" data-gtm-event=\"customEventSPE\" data-fig-domain=\"LEFIGARO\" target=\"_blank\" rel=\"noopener\">Grand prix de Formule 1<\/a> \u00a0au Castelet, ni des \u0153uvres d\u2019art improbables d\u2019amis\u00bb, persifle-t-il.<\/p>\n<p class=\"fig-body-link\">\n            \u00c0 lire aussi<br \/>\n        <a class=\"fig-body-link__link\" href=\"http:\/\/www.lefigaro.fr\/nice\/perquisitions-aux-domiciles-de-christian-estrosi-et-a-la-mairie-de-nice-en-lien-avec-les-cadeaux-de-richard-orlinski-20250318\" data-fig-type=\"NewsFlash\" data-gtm-custom-categorie=\"navigation\" data-gtm-custom-action=\"crossclick\" data-gtm-custom-label=\"Contextuel\" data-gtm-event=\"customEventSPE\" data-fig-domain=\"LEFIGARO\" target=\"_blank\" rel=\"noopener\"><\/p>\n<p>        Perquisitions aux domiciles de Christian Estrosi et \u00e0 la mairie de Nice en lien avec les \u00abcadeaux\u00bb de Richard Orlinski<br \/>\n    <\/a>\n<\/p>\n<p class=\"fig-paragraph\">Le d\u00e9put\u00e9 des Alpes-Maritimes a enfin rappel\u00e9 que sa liste n\u2019aurait \u00ab<a href=\"http:\/\/www.lefigaro.fr\/nice\/municipales-a-nice-eric-ciotti-indique-que-sa-liste-n-aura-pas-d-etiquette-politique-ni-le-logo-du-rn-20251125\" data-fig-type=\"NewsFlash\" data-gtm-custom-categorie=\"navigation\" data-gtm-custom-action=\"crossclick\" data-gtm-custom-label=\"Contextuel\" data-gtm-event=\"customEventSPE\" data-fig-domain=\"LEFIGARO\" target=\"_blank\" rel=\"noopener\">pas d\u2019\u00e9tiquette politique<\/a> \u00bb et propos\u00e9 de confier la pr\u00e9sidence d\u2019une future commission des finances et des march\u00e9s publics \u00e0 l\u2019opposition \u00abde gauche, pas celle estrosiste\u00bb.<\/p>\n","protected":false},"excerpt":{"rendered":"Le candidat \u00e0 l\u2019h\u00f4tel de ville ni\u00e7ois a tenu \u00e0 s\u2019engager sur davantage de transparence, pointant du doigt&hellip;\n","protected":false},"author":2,"featured_media":615971,"comment_status":"","ping_status":"","sticky":false,"template":"","format":"standard","meta":{"footnotes":""},"categories":[2819],"tags":[1111,11,25052,4188,1777,674,1011,27,1006,12,2401,882,25],"class_list":{"0":"post-615970","1":"post","2":"type-post","3":"status-publish","4":"format-standard","5":"has-post-thumbnail","7":"category-nice","8":"tag-actu","9":"tag-actualites","10":"tag-conflit-dinteret","11":"tag-elections-municipales","12":"tag-eu","13":"tag-europe","14":"tag-fr","15":"tag-france","16":"tag-fraude","17":"tag-news","18":"tag-nice","19":"tag-provence-alpes-cote-dazur","20":"tag-republique-francaise"},"share_on_mastodon":{"url":"https:\/\/pubeurope.com\/@fr\/115763714816829136","error":""},"_links":{"self":[{"href":"https:\/\/www.europesays.com\/fr\/wp-json\/wp\/v2\/posts\/615970","targetHints":{"allow":["GET"]}}],"collection":[{"href":"https:\/\/www.europesays.com\/fr\/wp-json\/wp\/v2\/posts"}],"about":[{"href":"https:\/\/www.europesays.com\/fr\/wp-json\/wp\/v2\/types\/post"}],"author":[{"embeddable":true,"href":"https:\/\/www.europesays.com\/fr\/wp-json\/wp\/v2\/users\/2"}],"replies":[{"embeddable":true,"href":"https:\/\/www.europesays.com\/fr\/wp-json\/wp\/v2\/comments?post=615970"}],"version-history":[{"count":0,"href":"https:\/\/www.europesays.com\/fr\/wp-json\/wp\/v2\/posts\/615970\/revisions"}],"wp:featuredmedia":[{"embeddable":true,"href":"https:\/\/www.europesays.com\/fr\/wp-json\/wp\/v2\/media\/615971"}],"wp:attachment":[{"href":"https:\/\/www.europesays.com\/fr\/wp-json\/wp\/v2\/media?parent=615970"}],"wp:term":[{"taxonomy":"category","embeddable":true,"href":"https:\/\/www.europesays.com\/fr\/wp-json\/wp\/v2\/categories?post=615970"},{"taxonomy":"post_tag","embeddable":true,"href":"https:\/\/www.europesays.com\/fr\/wp-json\/wp\/v2\/tags?post=615970"}],"curies":[{"name":"wp","href":"https:\/\/api.w.org\/{rel}","templated":true}]}}