{"id":615974,"date":"2025-12-22T14:35:25","date_gmt":"2025-12-22T14:35:25","guid":{"rendered":"https:\/\/www.europesays.com\/fr\/615974\/"},"modified":"2025-12-22T14:35:25","modified_gmt":"2025-12-22T14:35:25","slug":"un-homme-decede-apres-etre-tombe-dune-grue-pres-de-nantes","status":"publish","type":"post","link":"https:\/\/www.europesays.com\/fr\/615974\/","title":{"rendered":"Un homme d\u00e9c\u00e8de apr\u00e8s \u00eatre tomb\u00e9 d\u2019une grue, pr\u00e8s de Nantes"},"content":{"rendered":"\n<p style=\"text-align: justify;\">Le drame s\u2019est produit<strong> ce lundi 22 d\u00e9cembre.<\/strong><\/p>\n<p style=\"text-align: justify;\">Les sapeurs-pompiers de <strong>Loire-Atlantique (SDIS 44)<\/strong> ont \u00e9t\u00e9 alert\u00e9s <strong>\u00e0 8h39<\/strong> pour une chute de grande hauteur survenue <strong>32 rue de Bellevue<\/strong>. Selon les premiers \u00e9l\u00e9ments, un homme aurait fait une<strong> chute fatale d\u2019environ 25 m\u00e8tres, apr\u00e8s \u00eatre tomb\u00e9 d\u2019une grue. <\/strong><\/p>\n<p style=\"text-align: justify;\">Malgr\u00e9 l\u2019intervention du SMUR, l\u2019homme, <strong>\u00e2g\u00e9 de 25 ans<\/strong>, a \u00e9t\u00e9 <strong>d\u00e9clar\u00e9 d\u00e9c\u00e9d\u00e9 sur place. <\/strong>Au total, <strong>17 sapeurs-pompiers<\/strong> et plusieurs engins ont \u00e9t\u00e9 engag\u00e9s.<\/p>\n<p style=\"text-align: justify;\"><strong>Une enqu\u00eate a \u00e9t\u00e9 ouverte<\/strong> afin de comprendre les causes de l\u2019accident.<\/p>\n<p>\u00a0<\/p>\n<p>Un autre accident r\u00e9cemment \u00e0 Nantes<\/p>\n<p style=\"text-align: justify;\">Ce drame survient quelques jours apr\u00e8s <strong>un autre d\u00e9c\u00e8s \u00e0 Nantes<\/strong>, le 17 d\u00e9cembre, o\u00f9 <strong><a href=\"https:\/\/www.alouette.fr\/accident-travail-mortel-nantes-chute-toit-immeuble\" target=\"_blank\" rel=\"noopener\">un ouvrier est mort apr\u00e8s une chute d\u2019environ 12 m\u00e8tres<\/a><\/strong> depuis un immeuble de cinq \u00e9tages, place \u00c9douard-Normand, en plein centre-ville.<\/p>\n","protected":false},"excerpt":{"rendered":"Le drame s\u2019est produit ce lundi 22 d\u00e9cembre. Les sapeurs-pompiers de Loire-Atlantique (SDIS 44) ont \u00e9t\u00e9 alert\u00e9s \u00e0&hellip;\n","protected":false},"author":2,"featured_media":615975,"comment_status":"","ping_status":"","sticky":false,"template":"","format":"standard","meta":{"footnotes":""},"categories":[2818],"tags":[72681,119,1111,11,5173,4107,837,1777,674,1011,27,16713,4933,9900,766,12,2636,25],"class_list":{"0":"post-615974","1":"post","2":"type-post","3":"status-publish","4":"format-standard","5":"has-post-thumbnail","7":"category-nantes","8":"tag-25-ans","9":"tag-accident","10":"tag-actu","11":"tag-actualites","12":"tag-bouguenais","13":"tag-chantier","14":"tag-chute","15":"tag-eu","16":"tag-europe","17":"tag-fr","18":"tag-france","19":"tag-grue","20":"tag-homme","21":"tag-mortelle","22":"tag-nantes","23":"tag-news","24":"tag-pays-de-la-loire","25":"tag-republique-francaise"},"share_on_mastodon":{"url":"https:\/\/pubeurope.com\/@fr\/115763722749486491","error":""},"_links":{"self":[{"href":"https:\/\/www.europesays.com\/fr\/wp-json\/wp\/v2\/posts\/615974","targetHints":{"allow":["GET"]}}],"collection":[{"href":"https:\/\/www.europesays.com\/fr\/wp-json\/wp\/v2\/posts"}],"about":[{"href":"https:\/\/www.europesays.com\/fr\/wp-json\/wp\/v2\/types\/post"}],"author":[{"embeddable":true,"href":"https:\/\/www.europesays.com\/fr\/wp-json\/wp\/v2\/users\/2"}],"replies":[{"embeddable":true,"href":"https:\/\/www.europesays.com\/fr\/wp-json\/wp\/v2\/comments?post=615974"}],"version-history":[{"count":0,"href":"https:\/\/www.europesays.com\/fr\/wp-json\/wp\/v2\/posts\/615974\/revisions"}],"wp:featuredmedia":[{"embeddable":true,"href":"https:\/\/www.europesays.com\/fr\/wp-json\/wp\/v2\/media\/615975"}],"wp:attachment":[{"href":"https:\/\/www.europesays.com\/fr\/wp-json\/wp\/v2\/media?parent=615974"}],"wp:term":[{"taxonomy":"category","embeddable":true,"href":"https:\/\/www.europesays.com\/fr\/wp-json\/wp\/v2\/categories?post=615974"},{"taxonomy":"post_tag","embeddable":true,"href":"https:\/\/www.europesays.com\/fr\/wp-json\/wp\/v2\/tags?post=615974"}],"curies":[{"name":"wp","href":"https:\/\/api.w.org\/{rel}","templated":true}]}}