{"id":615979,"date":"2025-12-22T14:38:32","date_gmt":"2025-12-22T14:38:32","guid":{"rendered":"https:\/\/www.europesays.com\/fr\/615979\/"},"modified":"2025-12-22T14:38:32","modified_gmt":"2025-12-22T14:38:32","slug":"jaffine-mon-projet-dorientation-a-toulouse","status":"publish","type":"post","link":"https:\/\/www.europesays.com\/fr\/615979\/","title":{"rendered":"J&rsquo;affine mon projet d&rsquo;orientation \u00e0 Toulouse"},"content":{"rendered":"<p>Rendez-vous phare de l\u2019orientation dans l\u2019enseignement sup\u00e9rieur, le prochain salon Infosup se tiendra au MEETT de Toulouse les 8, 9 et 10\u00a0janvier 2026. Pendant trois jours, lyc\u00e9ens, \u00e9tudiants et candidats en recherche d\u2019informations pourront d\u00e9couvrir la diversit\u00e9 des formations propos\u00e9es dans la r\u00e9gion et rencontrer les acteurs de l\u2019orientation.<\/p>\n<p>Les 8 et 9\u00a0janvier, la manifestation accueillera les groupes scolaires, mais la journ\u00e9e du samedi 10\u00a0janvier, ouverte au grand public de 9h \u00e0 17h, constituera le moment id\u00e9al pour tous ceux qui souhaitent affiner leur projet d\u2019\u00e9tudes, poser leurs questions ou explorer de nouvelles voies.<\/p>\n<p>Sur place, visiteurs et familles pourront \u00e9changer avec des enseignants, des \u00e9tudiants et des professionnels de l\u2019orientation, disponibles pour pr\u00e9senter les cursus, d\u00e9tailler les contenus p\u00e9dagogiques et guider chacun dans ses choix.<\/p>\n<p>Pour optimiser la visite, il est conseill\u00e9 de consulter en amont l\u2019offre de formations pr\u00e9sent\u00e9e sur le salon, afin de cibler les stands et les interlocuteurs \u00e0 rencontrer.<\/p>\n<p><strong>Plus d\u2019infos sur <a href=\"https:\/\/www.salon-infosup.fr\/\" class=\"spip_out\" rel=\"external noopener\" target=\"_blank\">www.salon-infosup.fr<\/a><\/strong><\/p>\n","protected":false},"excerpt":{"rendered":"Rendez-vous phare de l\u2019orientation dans l\u2019enseignement sup\u00e9rieur, le prochain salon Infosup se tiendra au MEETT de Toulouse les&hellip;\n","protected":false},"author":2,"featured_media":24040,"comment_status":"","ping_status":"","sticky":false,"template":"","format":"standard","meta":{"footnotes":""},"categories":[2816],"tags":[1111,11,4854,1777,674,1011,27,12,2680,12826,25,2312],"class_list":{"0":"post-615979","1":"post","2":"type-post","3":"status-publish","4":"format-standard","5":"has-post-thumbnail","7":"category-toulouse","8":"tag-actu","9":"tag-actualites","10":"tag-enseignement-superieur","11":"tag-eu","12":"tag-europe","13":"tag-fr","14":"tag-france","15":"tag-news","16":"tag-occitanie","17":"tag-orientation","18":"tag-republique-francaise","19":"tag-toulouse"},"share_on_mastodon":{"url":"https:\/\/pubeurope.com\/@fr\/115763734412659100","error":""},"_links":{"self":[{"href":"https:\/\/www.europesays.com\/fr\/wp-json\/wp\/v2\/posts\/615979","targetHints":{"allow":["GET"]}}],"collection":[{"href":"https:\/\/www.europesays.com\/fr\/wp-json\/wp\/v2\/posts"}],"about":[{"href":"https:\/\/www.europesays.com\/fr\/wp-json\/wp\/v2\/types\/post"}],"author":[{"embeddable":true,"href":"https:\/\/www.europesays.com\/fr\/wp-json\/wp\/v2\/users\/2"}],"replies":[{"embeddable":true,"href":"https:\/\/www.europesays.com\/fr\/wp-json\/wp\/v2\/comments?post=615979"}],"version-history":[{"count":0,"href":"https:\/\/www.europesays.com\/fr\/wp-json\/wp\/v2\/posts\/615979\/revisions"}],"wp:featuredmedia":[{"embeddable":true,"href":"https:\/\/www.europesays.com\/fr\/wp-json\/wp\/v2\/media\/24040"}],"wp:attachment":[{"href":"https:\/\/www.europesays.com\/fr\/wp-json\/wp\/v2\/media?parent=615979"}],"wp:term":[{"taxonomy":"category","embeddable":true,"href":"https:\/\/www.europesays.com\/fr\/wp-json\/wp\/v2\/categories?post=615979"},{"taxonomy":"post_tag","embeddable":true,"href":"https:\/\/www.europesays.com\/fr\/wp-json\/wp\/v2\/tags?post=615979"}],"curies":[{"name":"wp","href":"https:\/\/api.w.org\/{rel}","templated":true}]}}