{"id":615982,"date":"2025-12-22T14:42:31","date_gmt":"2025-12-22T14:42:31","guid":{"rendered":"https:\/\/www.europesays.com\/fr\/615982\/"},"modified":"2025-12-22T14:42:31","modified_gmt":"2025-12-22T14:42:31","slug":"mons-en-baroeul-dimmenses-travaux-de-renovation-lances-pour-la-plus-grande-copropriete-au-nord-de-paris","status":"publish","type":"post","link":"https:\/\/www.europesays.com\/fr\/615982\/","title":{"rendered":"Mons-en-Bar\u0153ul. D&rsquo;immenses travaux de r\u00e9novation lanc\u00e9s pour la \u00ab\u00a0plus grande copropri\u00e9t\u00e9 au nord de Paris\u00a0\u00bb"},"content":{"rendered":"<p>                    Par<br \/>\n        <strong><br \/>\n            <a href=\"https:\/\/actu.fr\/auteur\/nicolas-demollien\" title=\"Consulter tous les articles de Nicolas Demollien\" target=\"_blank\" rel=\"noopener\">Nicolas Demollien<\/a><br \/>\n                    <\/strong><\/p>\n<p>        Publi\u00e9 le<\/p>\n<p>            22 d\u00e9c. 2025 \u00e0 12h08        <\/p>\n<p data-end=\"333\">La <a href=\"https:\/\/actu.fr\/tag\/metropole-europeenne-de-lille\" target=\"_blank\" rel=\"noopener\">M\u00e9tropole europ\u00e9enne de Lille<\/a> (Nord) vient d\u2019acter de gros <a href=\"https:\/\/actu.fr\/tag\/travaux\" target=\"_blank\" rel=\"noopener\">travaux<\/a> de <b>r\u00e9novation <\/b>pour la <b>r\u00e9sidence Europe<\/b> de <a href=\"https:\/\/actu.fr\/hauts-de-france\/mons-en-baroeul_59410\" target=\"_blank\" rel=\"noopener\">Mons-en-Bar\u0153ul<\/a>. Cet <b>immeuble embl\u00e9matique de la fin des ann\u00e9es 1960<\/b> est aujourd\u2019hui la \u00ab\u00a0<b>plus grande copropri\u00e9t\u00e9 au nord de Paris<\/b>\u00ab\u00a0. Apr\u00e8s une mise en s\u00e9curit\u00e9 achev\u00e9e en 2024, la MEL y voit l\u00e0 une \u00e9tape d\u00e9terminante pour \u00ab\u00a0<b>assurer la p\u00e9rennit\u00e9 de cet ensemble urbain hors norme<\/b> et l\u2019inscrire pleinement dans le renouveau du quartier\u00a0\u00bb. D\u00e9tails.<\/p>\n<p>Pr\u00e8s de Lille, la plus grande copropri\u00e9t\u00e9 au nord de Paris va conna\u00eetre d\u2019importants travaux<\/p>\n<p class=\" wall-content\">\u00ab\u00a0Par son ambition, son \u00e9chelle et son r\u00f4le central dans le quartier, la R\u00e9sidence Europe constitue l\u2019<b>un des b\u00e2timents les plus embl\u00e9matiques du territoire<\/b>\u00ab\u00a0, rappelle-t-on du c\u00f4t\u00e9 de la collectivit\u00e9. Et d\u2019annoncer l\u2019objectif de ces travaux d\u2019ampleur : \u00ab\u00a0offrir aux habitants un <b>cadre de vie plus s\u00fbr, plus performant et durablement modernis\u00e9<\/b>\u00ab\u00a0.<\/p>\n<p class=\" wall-content\">Concr\u00e8tement, le Plan de sauvegarde vise \u00e0 accompagner la copropri\u00e9t\u00e9 vers une \u00ab\u00a0r<b>\u00e9novation globale<\/b>\u00a0\u00bb et \u00e0 \u00ab\u00a0renforcer son fonctionnement sur le long terme.\u00a0\u00bb \u00c0 partir de 2026, une nouvelle tranche de travaux, programm\u00e9e sur quatre ans, permettra d\u2019engager une r\u00e9novation globale pour un montant estim\u00e9 \u00e0 44,46 M\u20ac. Les interventions les plus structurantes porteront sur le d\u00e9samiantage, le chauffage, la plomberie et la ventilation, l\u2019\u00e9tanch\u00e9it\u00e9 et l\u2019isolation des toitures-terrasses, les menuiseries ainsi que l\u2019isolation thermique par l\u2019ext\u00e9rieur (ITE). \u00ab\u00a0Ces travaux viseront un <b>gain \u00e9nerg\u00e9tique de 47 %<\/b>, repr\u00e9sentant un b\u00e9n\u00e9fice majeur pour le confort des habitants, leur pouvoir d\u2019achat et la performance environnementale de l\u2019ensemble\u00a0\u00bb, souligne la MEL.<\/p>\n<p>Un patrimoine exceptionnel<\/p>\n<p data-end=\"6159\" class=\" wall-content\">Con\u00e7ue par l\u2019architecte Henri Chomette, la R\u00e9sidence Europe constitue un ensemble <a href=\"https:\/\/actu.fr\/tag\/immobilier\" target=\"_blank\" rel=\"noopener\">immobilier<\/a> <b>unique par ses dimensions et son ambition architecturale<\/b>. Avec ses <b>560 copropri\u00e9taires priv\u00e9s<\/b>, elle est la plus grande copropri\u00e9t\u00e9 au nord de Paris. <b>Longue de pr\u00e8s d\u2019un demi-kilom\u00e8tre<\/b>, sur sept niveaux, ponctu\u00e9e de quatre petites tours et de quatre tours de 60 m\u00e8tres, elle abrite une v\u00e9ritable \u00ab\u00a0ville dans la ville\u00a0\u00bb, rappelle la MEL.<\/p>\n<p data-end=\"6159\" class=\" wall-content\">Elle compte aujourd\u2019hui<b> 558 logements, 111 lots professionnels, 48 commerces, des bureaux et un vaste centre commercial<\/b> ceinturant le b\u00e2timent.<\/p>\n<p data-end=\"6159\" class=\" wall-content\">Mais plus de cinquante ans apr\u00e8s sa construction, ses <b>normes techniques et de s\u00e9curit\u00e9 \u00e9tant devenues obsol\u00e8tes<\/b>, une premi\u00e8re tranche de travaux a \u00e9t\u00e9 men\u00e9e de 2021 \u00e0 2024. Elle a permis la mise en s\u00e9curit\u00e9 de cet immeuble de Grande Hauteur (IGH) pour un montant de plus de 6 M\u20ac. \u00ab\u00a0Cette premi\u00e8re phase a permis la lev\u00e9e de l\u2019avis d\u00e9favorable de la commission de s\u00e9curit\u00e9 et pose les bases d\u2019une r\u00e9novation ambitieuse\u00a0\u00bb.<\/p>\n<p>Votre r\u00e9gion, votre actu !<\/p>\n<p>Recevez chaque jour les infos qui comptent pour vous.<\/p>\n<p>\t<a href=\"https:\/\/actu.fr\/newsletter\" class=\"ac-btn ac-btn--corner ac-btn--medium ac-btn--blue800\" target=\"_blank\" rel=\"noopener\">S&rsquo;incrire<\/a><\/p>\n<p data-end=\"6159\" class=\" wall-content\">Le Plan de sauvegarde act\u00e9 par les \u00e9lus de la MEL pr\u00e9voit notamment une <b>nouvelle phase de travaux en profondeur<\/b> qui permettra \u00e0 cet immense navire de 500 m\u00e8tres de long \u00ab\u00a0de s\u2019adapter au XXI\u1d49 si\u00e8cle et de pr\u00e9server une copropri\u00e9t\u00e9 dont les ressources se sont fragilis\u00e9es avec le temps\u00a0\u00bb.<\/p>\n<p class=\" wall-content\">Personnalisez votre actualit\u00e9 en ajoutant vos villes et m\u00e9dias en favori avec <a href=\"https:\/\/moncompte.actu.fr\" title=\"D\u00e9couvez Mon Actu\" rel=\"nofollow noopener\" data-trk=\"{&quot;cta&quot;:{&quot;action&quot;:&quot;https:\\\/\\\/moncompte.actu.fr&quot;,&quot;category&quot;:&quot;mon compte&quot;,&quot;from&quot;:&quot;article footer&quot;,&quot;name&quot;:&quot;Mon actu&quot;,&quot;type&quot;:&quot;cta&quot;}}\" target=\"_blank\">Mon Actu<\/a>.<\/p>\n","protected":false},"excerpt":{"rendered":"Par Nicolas Demollien Publi\u00e9 le 22 d\u00e9c. 2025 \u00e0 12h08 La M\u00e9tropole europ\u00e9enne de Lille (Nord) vient d\u2019acter&hellip;\n","protected":false},"author":2,"featured_media":615983,"comment_status":"","ping_status":"","sticky":false,"template":"","format":"standard","meta":{"footnotes":""},"categories":[2815],"tags":[1111,11,1777,674,1011,27,811,1116,1307,12,25,104,2086],"class_list":{"0":"post-615982","1":"post","2":"type-post","3":"status-publish","4":"format-standard","5":"has-post-thumbnail","7":"category-lille","8":"tag-actu","9":"tag-actualites","10":"tag-eu","11":"tag-europe","12":"tag-fr","13":"tag-france","14":"tag-hauts-de-france","15":"tag-immobilier","16":"tag-lille","17":"tag-news","18":"tag-republique-francaise","19":"tag-societe","20":"tag-travaux"},"share_on_mastodon":{"url":"https:\/\/pubeurope.com\/@fr\/115763750201930273","error":""},"_links":{"self":[{"href":"https:\/\/www.europesays.com\/fr\/wp-json\/wp\/v2\/posts\/615982","targetHints":{"allow":["GET"]}}],"collection":[{"href":"https:\/\/www.europesays.com\/fr\/wp-json\/wp\/v2\/posts"}],"about":[{"href":"https:\/\/www.europesays.com\/fr\/wp-json\/wp\/v2\/types\/post"}],"author":[{"embeddable":true,"href":"https:\/\/www.europesays.com\/fr\/wp-json\/wp\/v2\/users\/2"}],"replies":[{"embeddable":true,"href":"https:\/\/www.europesays.com\/fr\/wp-json\/wp\/v2\/comments?post=615982"}],"version-history":[{"count":0,"href":"https:\/\/www.europesays.com\/fr\/wp-json\/wp\/v2\/posts\/615982\/revisions"}],"wp:featuredmedia":[{"embeddable":true,"href":"https:\/\/www.europesays.com\/fr\/wp-json\/wp\/v2\/media\/615983"}],"wp:attachment":[{"href":"https:\/\/www.europesays.com\/fr\/wp-json\/wp\/v2\/media?parent=615982"}],"wp:term":[{"taxonomy":"category","embeddable":true,"href":"https:\/\/www.europesays.com\/fr\/wp-json\/wp\/v2\/categories?post=615982"},{"taxonomy":"post_tag","embeddable":true,"href":"https:\/\/www.europesays.com\/fr\/wp-json\/wp\/v2\/tags?post=615982"}],"curies":[{"name":"wp","href":"https:\/\/api.w.org\/{rel}","templated":true}]}}