{"id":615984,"date":"2025-12-22T14:43:29","date_gmt":"2025-12-22T14:43:29","guid":{"rendered":"https:\/\/www.europesays.com\/fr\/615984\/"},"modified":"2025-12-22T14:43:29","modified_gmt":"2025-12-22T14:43:29","slug":"lille-a-un-coup-de-foudre-en-ligue-2-lom-est-jaloux","status":"publish","type":"post","link":"https:\/\/www.europesays.com\/fr\/615984\/","title":{"rendered":"Lille a un coup de foudre en Ligue 2, l&rsquo;OM est jaloux"},"content":{"rendered":"<p><b>Du haut de ses 20 ans, l\u2019ailier marocain Gessime Yassine s\u2019impose comme l\u2019un des joueurs les plus prometteurs de Ligue 2. Dunkerque est pr\u00e9venu, Lille est sur les rangs au m\u00eame titre que Lens et l\u2019OM.<\/b><\/p>\n<p>Les clubs de Ligue 1 ont les yeux riv\u00e9s vers la Ligue 2 et visiblement, un talent leur a tap\u00e9 \u00e0 l\u2019oeil ces derni\u00e8res semaines. Il s\u2019agit de Gessime Yassine, international U20 marocain qui \u00e9volue \u00e0 Dunkerque. Ailier droit capable de jouer \u00e0 gauche, il totalise un but et six passes d\u00e9cisives depuis le d\u00e9but de la saison. Ses performances n\u2019ont pas \u00e9chapp\u00e9 aux recruteurs de plusieurs cadors de la Ligue 1 puisqu\u2019il y a d\u00e9j\u00e0 plusieurs semaines, <a href=\"https:\/\/www.foot01.com\/marseille\/lom-a-vu-juste-sa-trouvaille-cartonne-au-maroc\" target=\"_self\" rel=\"noopener\">l\u2019Olympique de Marseille avait \u00e9t\u00e9 \u00e9voqu\u00e9 comme l\u2019un des courtisans de Gessime Yassine<\/a>.<\/p>\n<p>Medhi Benatia appr\u00e9cie le profil de son compatriote et ne s\u2019interdit pas de faire une offre \u00e0 Dunkerque pour l\u2019enr\u00f4ler, probablement l\u2019\u00e9t\u00e9 prochain et non pas cet hiver. Mais \u00e0 en croire La Voix du Nord, le club phoc\u00e9en n\u2019est pas seul sur ce dossier. Et pour cause, le m\u00e9dia r\u00e9gional nous apprend que Lille est \u00e9galement tr\u00e8s int\u00e9ress\u00e9 par le joueur de Dunkerque. Olivier L\u00e9tang et la cellule de recrutement du LOSC ont eu un v\u00e9ritable coup de coeur pour Gessime Yassine et pourraient passer \u00e0 l\u2019action dans les semaines \u00e0 venir.<\/p>\n<p>Un duel Lille &#8211; OM &#8211; Lens pour Yassine ?<\/p>\n<p>Lens est aussi cit\u00e9 parmi les potentiels courtisans du joueur, dont le nom a \u00e9t\u00e9 \u00e9voqu\u00e9 en Allemagne, o\u00f9 le Werder Br\u00eame, Mayence, Hoffenheim et le RB Leipzig se sont renseign\u00e9s et observent les prestations du joueur. On ignore pour l\u2019instant ce que Dunkerque souhaite faire avec son joueur, mais le club de Ligue 2 n\u2019est pas vraiment en position de force, malgr\u00e9 les nombreux int\u00e9r\u00eats pour le Marocain. Et pour cause, le contrat de Gessime Yassine expire en juin 2027. Autrement dit, Dunkerque devra r\u00e9ussir \u00e0 vendre son ailier cet hiver ou au plus tard l\u2019\u00e9t\u00e9 prochain pour ne pas risquer un d\u00e9part libre dans un an et demi. Un sc\u00e9nario qui serait tout simplement catastrophique sur le plan financier pour l\u2019actuel 6e du championnat de Ligue 2.<\/p>\n","protected":false},"excerpt":{"rendered":"Du haut de ses 20 ans, l\u2019ailier marocain Gessime Yassine s\u2019impose comme l\u2019un des joueurs les plus prometteurs&hellip;\n","protected":false},"author":2,"featured_media":615985,"comment_status":"","ping_status":"","sticky":false,"template":"","format":"standard","meta":{"footnotes":""},"categories":[2815],"tags":[1111,11,1777,674,1011,27,811,1307,2267,1434,12,149,25],"class_list":{"0":"post-615984","1":"post","2":"type-post","3":"status-publish","4":"format-standard","5":"has-post-thumbnail","7":"category-lille","8":"tag-actu","9":"tag-actualites","10":"tag-eu","11":"tag-europe","12":"tag-fr","13":"tag-france","14":"tag-hauts-de-france","15":"tag-lille","16":"tag-losc","17":"tag-mercato","18":"tag-news","19":"tag-om","20":"tag-republique-francaise"},"share_on_mastodon":{"url":"https:\/\/pubeurope.com\/@fr\/115763754103987163","error":""},"_links":{"self":[{"href":"https:\/\/www.europesays.com\/fr\/wp-json\/wp\/v2\/posts\/615984","targetHints":{"allow":["GET"]}}],"collection":[{"href":"https:\/\/www.europesays.com\/fr\/wp-json\/wp\/v2\/posts"}],"about":[{"href":"https:\/\/www.europesays.com\/fr\/wp-json\/wp\/v2\/types\/post"}],"author":[{"embeddable":true,"href":"https:\/\/www.europesays.com\/fr\/wp-json\/wp\/v2\/users\/2"}],"replies":[{"embeddable":true,"href":"https:\/\/www.europesays.com\/fr\/wp-json\/wp\/v2\/comments?post=615984"}],"version-history":[{"count":0,"href":"https:\/\/www.europesays.com\/fr\/wp-json\/wp\/v2\/posts\/615984\/revisions"}],"wp:featuredmedia":[{"embeddable":true,"href":"https:\/\/www.europesays.com\/fr\/wp-json\/wp\/v2\/media\/615985"}],"wp:attachment":[{"href":"https:\/\/www.europesays.com\/fr\/wp-json\/wp\/v2\/media?parent=615984"}],"wp:term":[{"taxonomy":"category","embeddable":true,"href":"https:\/\/www.europesays.com\/fr\/wp-json\/wp\/v2\/categories?post=615984"},{"taxonomy":"post_tag","embeddable":true,"href":"https:\/\/www.europesays.com\/fr\/wp-json\/wp\/v2\/tags?post=615984"}],"curies":[{"name":"wp","href":"https:\/\/api.w.org\/{rel}","templated":true}]}}