{"id":615988,"date":"2025-12-22T14:45:16","date_gmt":"2025-12-22T14:45:16","guid":{"rendered":"https:\/\/www.europesays.com\/fr\/615988\/"},"modified":"2025-12-22T14:45:16","modified_gmt":"2025-12-22T14:45:16","slug":"coupe-de-france-de-football-prochain-adversaire-de-lom-le-bayeux-fc-a-vecu-un-sacre-week-end","status":"publish","type":"post","link":"https:\/\/www.europesays.com\/fr\/615988\/","title":{"rendered":"Coupe de France de football. Prochain adversaire de l&rsquo;OM, le Bayeux FC a v\u00e9cu \u00ab\u00a0un sacr\u00e9 week-end\u00a0\u00bb"},"content":{"rendered":"<p>                    Par<br \/>\n        <strong><br \/>\n            <a href=\"https:\/\/actu.fr\/auteur\/frederic-bourgeois\" title=\"Consulter tous les articles de Fr\u00e9d\u00e9ric Bourgeois\" target=\"_blank\" rel=\"noopener\">Fr\u00e9d\u00e9ric Bourgeois<\/a><br \/>\n                    <\/strong><\/p>\n<p>        Publi\u00e9 le<\/p>\n<p>            22 d\u00e9c. 2025 \u00e0 15h24        <\/p>\n<p><b>Dimanche 21 d\u00e9cembre 2025,<\/b> 500 personnes ont envahi la salle de La Com\u00e8te, \u00e0 Bayeux (Calvados), <a href=\"https:\/\/actu.fr\/normandie\/bayeux_14047\/coupe-de-france-de-football-bayeux-tire-le-gros-lot-et-va-affronter-lolympique-de-marseille-en-16e_63607990.html\" target=\"_blank\" rel=\"noopener\">pour vivre en direct le tirage au sort des matches des 16e de finale de la Coupe de France.<\/a> Effectu\u00e9 en direct sur beIN Sports, il n\u2019a pas fallu attrendre longtemps pour conna\u00eetre le futur adversaire du Bayeux FC (R1), tombeur de Blois (N2) la veille.<\/p>\n<p class=\" wall-content\">La premi\u00e8re boule du tirage au sort renfermait un nom mythique : <b>l\u2019Olympique de Marseille.<\/b> La deuxi\u00e8me celui du Bayeux FC qui fera face \u00e0 cette grosse \u00e9curie de Ligue 1 ! Dans la salle, c\u2019est l\u2019explosion de joie, \u00e0 commencer par le pr\u00e9sident du club amateur, <b>Luis Ferreira-Pavesi.<\/b><\/p>\n<p class=\"ac-article-content__question wall-content\">Luis, vous \u00eates un immense fan du PSG, mais c\u2019est tomb\u00e9 sur l\u2019OM ! Vous prenez quand m\u00eame ?<\/p>\n<p class=\" wall-content\">C\u2019est vrai que je supporte le PSG, mais je supporte Bayeux avant tout ! Et clairement, c\u2019est un tirage r\u00eav\u00e9. En tant que pr\u00e9sident, que ce soit le PSG ou l\u2019OM, c\u2019est pareil : on m\u00e9rite une grande \u00e9quipe telles que celles-l\u00e0. Et si on doit sortir de la Coupe de France, au moins, on sortira par la grande porte.<\/p>\n<p class=\"ac-article-content__question wall-content\">On a encore le sentiment que tout arrive \u00e0 point nomm\u00e9 pour le Bayeux FC. Comment vous l\u2019expliquez ?<\/p>\n<p class=\" wall-content\">Je reste fid\u00e8le \u00e0 ma ligne de conduite. <a href=\"https:\/\/actu.fr\/normandie\/bayeux_14047\/coupe-de-france-luis-ferreira-pavesi-je-vis-quelque-chose-dextraordinaire-avec-le-bayeux-fc_63603441.html\" target=\"_blank\" rel=\"noopener\">Les choses se passent bien, parce qu\u2019on essaie de faire le bien.<\/a> Ce parcours en Coupe de France, et ce match, on en \u00e0 tous r\u00eav\u00e9. Au tirage pr\u00e9c\u00e9dent, j\u2019\u00e9tais \u00e0 Paris (<a href=\"https:\/\/actu.fr\/normandie\/bayeux_14047\/coupe-de-france-de-football-le-bayeux-fc-oppose-a-blois-foot-en-32e-de-finale_63511614.html\" target=\"_blank\" rel=\"noopener\">le tirage au sort des matches des 32e de finale de la Coupe de France ont eu lieu au Parc des Princes<\/a>) et j\u2019ai vu la boule de Blois sortir. Bien s\u00fbr qu\u2019\u00e0 ce moment-l\u00e0, on r\u00eavait d\u00e9j\u00e0 de tirer une Ligue 1. Et bien on est all\u00e9 la chercher l\u2019\u00e9quipe de Ligue 1 en battant cette \u00e9quipe de Blois, pensionnaire de National 2. Alors c\u2019est une r\u00e9compense pour tout le club. Des b\u00e9n\u00e9voles aux familles des joueurs et pour toute la ville de Bayeux.<\/p>\n<p>    <a href=\"https:\/\/www.facebook.com\/plugins\/video.php?height=314&amp;href=https%3A%2F%2Fwww.facebook.com%2Freel%2F683199134723750%2F&amp;show_text=false&amp;width=350&amp;t=0\" title=\"Ouvrie le lien\" target=\"_blank\" rel=\"noopener\">Cliquez ici pour visualiser le contenu<\/a><\/p>\n<p class=\"ac-article-content__question wall-content\">C\u2019est un moment exceptionnel, mais qui n\u2019arrive pas par hasard\u2026<\/p>\n<p class=\" wall-content\">Non, parce qu\u2019on a construit tout \u00e7a. Cette \u00e9pop\u00e9e. On est all\u00e9 chercher des r\u00e9sultats qui n\u2019ont pas toujours \u00e9t\u00e9 simples, notamment contre le Stade Malherbe, contre Cucriauville. On a construit et on est r\u00e9compens\u00e9 ce soir avec ce beau tirage. C\u2019est un sacr\u00e9 week-end, entre la victoire sur Blois samedi et le tirage dimanche. C\u2019est un sacr\u00e9 cadeau de No\u00ebl.<\/p>\n<p>Vid\u00e9os : en ce moment sur Actu<\/p>\n<p class=\"ac-article-content__question wall-content\">La r\u00e9ception de l\u2019Olympique de Marseille devrait se jouer \u00e0 d\u2019Ornano. Il y aura des places et des \u00e9charpes pour tout le monde ?<\/p>\n<p class=\" wall-content\">Il y en aura un peu plus, forc\u00e9ment, dans ce stade. Mais d\u2019abord, il faut que l\u2019on \u00e9tudie la fa\u00e7on d\u2019organiser tout \u00e7a avec la Ville de Bayeux et le Stade Malherbe. Une telle rencontre n\u2019est pas possible \u00e0 Henry-Jeanne sur un terrain qui n\u2019est pas homologu\u00e9 pour la r\u00e9ception d\u2019une L1. Donc on va aller chercher ce r\u00eave de jouer \u00e0 d\u2019Ornano face \u00e0 une belle \u00e9quipe de Marseille.<\/p>\n<p class=\" wall-content\">Ndlr : la confirmation est tomb\u00e9e le lendemain, lundi 22 d\u00e9cembre 2025, <a href=\"https:\/\/actu.fr\/normandie\/bayeux_14047\/coupe-de-france-bayeux-olympique-de-marseille-tout-savoir-sur-le-choc-des-16e-de-finale_63610206.html\" target=\"_blank\" rel=\"noopener\">le Bayeux FC recevra l\u2019OM le 13 janvier \u00e0 Caen.<\/a><\/p>\n<p class=\" wall-content\">Personnalisez votre actualit\u00e9 en ajoutant vos villes et m\u00e9dias en favori avec <a href=\"https:\/\/moncompte.actu.fr\" title=\"D\u00e9couvez Mon Actu\" rel=\"nofollow noopener\" data-trk=\"{&quot;cta&quot;:{&quot;action&quot;:&quot;https:\\\/\\\/moncompte.actu.fr&quot;,&quot;category&quot;:&quot;mon compte&quot;,&quot;from&quot;:&quot;article footer&quot;,&quot;name&quot;:&quot;Mon actu&quot;,&quot;type&quot;:&quot;cta&quot;}}\" target=\"_blank\">Mon Actu<\/a>.<\/p>\n","protected":false},"excerpt":{"rendered":"Par Fr\u00e9d\u00e9ric Bourgeois Publi\u00e9 le 22 d\u00e9c. 2025 \u00e0 15h24 Dimanche 21 d\u00e9cembre 2025, 500 personnes ont envahi&hellip;\n","protected":false},"author":2,"featured_media":615989,"comment_status":"","ping_status":"","sticky":false,"template":"","format":"standard","meta":{"footnotes":""},"categories":[2814],"tags":[1111,11,15922,1777,674,1011,27,884,12,2333,882,25,60],"class_list":{"0":"post-615988","1":"post","2":"type-post","3":"status-publish","4":"format-standard","5":"has-post-thumbnail","7":"category-marseille","8":"tag-actu","9":"tag-actualites","10":"tag-coupe-de-france-de-football","11":"tag-eu","12":"tag-europe","13":"tag-fr","14":"tag-france","15":"tag-marseille","16":"tag-news","17":"tag-olympique-de-marseille-om","18":"tag-provence-alpes-cote-dazur","19":"tag-republique-francaise","20":"tag-sports"},"share_on_mastodon":{"url":"https:\/\/pubeurope.com\/@fr\/115763761920287746","error":""},"_links":{"self":[{"href":"https:\/\/www.europesays.com\/fr\/wp-json\/wp\/v2\/posts\/615988","targetHints":{"allow":["GET"]}}],"collection":[{"href":"https:\/\/www.europesays.com\/fr\/wp-json\/wp\/v2\/posts"}],"about":[{"href":"https:\/\/www.europesays.com\/fr\/wp-json\/wp\/v2\/types\/post"}],"author":[{"embeddable":true,"href":"https:\/\/www.europesays.com\/fr\/wp-json\/wp\/v2\/users\/2"}],"replies":[{"embeddable":true,"href":"https:\/\/www.europesays.com\/fr\/wp-json\/wp\/v2\/comments?post=615988"}],"version-history":[{"count":0,"href":"https:\/\/www.europesays.com\/fr\/wp-json\/wp\/v2\/posts\/615988\/revisions"}],"wp:featuredmedia":[{"embeddable":true,"href":"https:\/\/www.europesays.com\/fr\/wp-json\/wp\/v2\/media\/615989"}],"wp:attachment":[{"href":"https:\/\/www.europesays.com\/fr\/wp-json\/wp\/v2\/media?parent=615988"}],"wp:term":[{"taxonomy":"category","embeddable":true,"href":"https:\/\/www.europesays.com\/fr\/wp-json\/wp\/v2\/categories?post=615988"},{"taxonomy":"post_tag","embeddable":true,"href":"https:\/\/www.europesays.com\/fr\/wp-json\/wp\/v2\/tags?post=615988"}],"curies":[{"name":"wp","href":"https:\/\/api.w.org\/{rel}","templated":true}]}}