{"id":616018,"date":"2025-12-22T15:02:22","date_gmt":"2025-12-22T15:02:22","guid":{"rendered":"https:\/\/www.europesays.com\/fr\/616018\/"},"modified":"2025-12-22T15:02:22","modified_gmt":"2025-12-22T15:02:22","slug":"16es-de-finale-le-programme-tv-federation-francaise-de-football-fff","status":"publish","type":"post","link":"https:\/\/www.europesays.com\/fr\/616018\/","title":{"rendered":"16es de finale : le programme TV | F\u00e9d\u00e9ration Fran\u00e7aise de Football (FFF)"},"content":{"rendered":"<p>                                                              <img data-twic-src=\"https:\/\/www.europesays.com\/fr\/wp-content\/uploads\/2025\/12\/5d876e8ddc781d44588c0107dc559518.jpg\" data-credit=\"Pauline CARR\u00c9 \/ APL \/ FFF\" title=\"Pauline CARR\u00c9 \/ APL \/ FFF\" alt=\"Coupe de France\" class=\"block\"\/>                                        <\/p>\n<p style=\"font-weight: bold\">La FFF a communiqu\u00e9 lundi 22 d\u00e9cembre la programmation TV des 16es de finale de la Coupe de France Cr\u00e9dit Agricole 2025-2026.<\/p>\n<p>Les 16es de finale de la 109e \u00e9dition de la Coupe de France Cr\u00e9dit Agricole, dont le <a href=\"https:\/\/www.fff.fr\/article\/16000-les-affiches-des-16es-de-finale.html\" target=\"_blank\" rel=\"noopener\">tirage au sort<\/a> a \u00e9t\u00e9 effectu\u00e9 dimanche soir \u00e0 l&rsquo;issue des <a href=\"https:\/\/www.fff.fr\/article\/15983-tout-sur-les-32es-de-finale.html\" target=\"_blank\" rel=\"noopener\">32es de finale de la comp\u00e9tition<\/a>, se disputeront sur quatre jours, du samedi 10 au mardi 13 janvier prochain.\u00a0<\/p>\n<p>Neuf rencontres auront lieu le samedi 10 janvier (15h30, 18h00 et 21h00) et seront \u00e0 suivre en direct sur <a href=\"https:\/\/www.fff.fr\/article\/15975-bein-sports-diffuseur-de-la-coupe-de-france-credit-agricole-jusqu-en-2030.html\" target=\"_blank\" rel=\"noopener\">beIN SPORTS<\/a>, qui mettra en place un multiplex autour de deux matches \u00ab\u00a0directeurs\u00a0\u00bb, Orl\u00e9ans (N)-Monaco (L1) et Avranches (N2)-Strasbourg (L1), l&rsquo;\u00e9quipe normande ayant sign\u00e9 <a href=\"https:\/\/www.fff.fr\/article\/15993-coup-de-tonnerre-d-avranches-sur-brest.html\" target=\"_blank\" rel=\"noopener\">l&rsquo;exploit des 32es de finale en \u00e9liminant Brest.<\/a>\u00a0<\/p>\n<p>Suite du programme dimanche 11 janvier avec quatre matches en mutiplex (18h00), dont Nantes-Nice en match \u00ab\u00a0directeur\u00a0\u00bb, et l&rsquo;une des affiches principales de ces 16es entre Lille et Lyon \u00e0 21h00, toujours sur les antennes de beIN SPORTS.\u00a0<\/p>\n<p>Appel\u00e9s \u00e0 jouer le Troph\u00e9e des Champions 2025 le 8 janvier au Koweit, le Paris SG (<a href=\"https:\/\/www.fff.fr\/473-palmares-de-la-coupe-de-france.html\" target=\"_blank\" rel=\"noopener\">tenant de la Coupe<\/a>) et Marseille seront en lice le lundi 12 et le mardi 13 janvier, respectivement. Le derby de la capitale entre le PSG et le Paris FC fera l&rsquo;objet d&rsquo;une co-diffusion entre beIN SPORTS et France TV (21h10).\u00a0<\/p>\n<p>Le tirage au sort des 8es de finale aura lieu le mardi 13 janvier en direct sur beIN SPORTS, avant la rencontre Bayeux (R1)-Marseille (21h00).<\/p>\n<p style=\"text-align: center;\"><strong><a href=\"https:\/\/epreuves.fff.fr\/competition\/engagement\/435164-coupe-de-france-credit-agricole\/phase\/2\/1\/accueil\" target=\"_blank\" rel=\"noopener\">La Coupe de France Cr\u00e9dit Agricole sur FFF.FR<\/a><\/strong><\/p>\n<p>\u00a0SAMEDI 10 JANVIER 2026\u00a0<\/p>\n<p><img decoding=\"async\" src=\"https:\/\/www.europesays.com\/fr\/wp-content\/uploads\/2025\/12\/d407be02d3f8934f316f4e1dfca18b56.jpg\" alt=\"\"\/><\/p>\n<p>\u00a0DIMANCHE 11 JANVIER 2026\u00a0<\/p>\n<p><img decoding=\"async\" src=\"https:\/\/www.europesays.com\/fr\/wp-content\/uploads\/2025\/12\/4b26ca568bd34623f2a97aed9fa645f2.jpg\" alt=\"\"\/><\/p>\n<p>\u00a0LUNDI 12 ET MARDI 13 JANVIER 2026\u00a0<\/p>\n<p><img decoding=\"async\" src=\"https:\/\/www.europesays.com\/fr\/wp-content\/uploads\/2025\/12\/2fbb790402336174940409bf1b7fa793.jpg\" alt=\"\"\/><\/p>\n<p>Le calendrier de l&rsquo;\u00e9dition 2025-2026<\/p>\n<ul>\n<li class=\"light\"><strong>16es de finale :<\/strong> samedi 10, dimanche 11, lundi 12 et mardi 13 janvier 2026<\/li>\n<li class=\"light\"><strong>8es de finale :<\/strong> mercredi 4 f\u00e9vrier 2026<\/li>\n<li class=\"light\"><strong>Quarts de finale :<\/strong> mercredi 4 mars 2026<\/li>\n<li class=\"light\"><strong>Demi-finales :<\/strong> mercredi 22 avril 2026<\/li>\n<li class=\"light\"><strong>Finale :<\/strong> samedi 23 mai 2026<\/li>\n<\/ul>\n","protected":false},"excerpt":{"rendered":"La FFF a communiqu\u00e9 lundi 22 d\u00e9cembre la programmation TV des 16es de finale de la Coupe de&hellip;\n","protected":false},"author":2,"featured_media":616019,"comment_status":"","ping_status":"","sticky":false,"template":"","format":"standard","meta":{"footnotes":""},"categories":[2],"tags":[11,85,1011,27,12,25],"class_list":{"0":"post-616018","1":"post","2":"type-post","3":"status-publish","4":"format-standard","5":"has-post-thumbnail","7":"category-actualites","8":"tag-actualites","9":"tag-fff","10":"tag-fr","11":"tag-france","12":"tag-news","13":"tag-republique-francaise"},"share_on_mastodon":{"url":"https:\/\/pubeurope.com\/@fr\/115763829779154735","error":""},"_links":{"self":[{"href":"https:\/\/www.europesays.com\/fr\/wp-json\/wp\/v2\/posts\/616018","targetHints":{"allow":["GET"]}}],"collection":[{"href":"https:\/\/www.europesays.com\/fr\/wp-json\/wp\/v2\/posts"}],"about":[{"href":"https:\/\/www.europesays.com\/fr\/wp-json\/wp\/v2\/types\/post"}],"author":[{"embeddable":true,"href":"https:\/\/www.europesays.com\/fr\/wp-json\/wp\/v2\/users\/2"}],"replies":[{"embeddable":true,"href":"https:\/\/www.europesays.com\/fr\/wp-json\/wp\/v2\/comments?post=616018"}],"version-history":[{"count":0,"href":"https:\/\/www.europesays.com\/fr\/wp-json\/wp\/v2\/posts\/616018\/revisions"}],"wp:featuredmedia":[{"embeddable":true,"href":"https:\/\/www.europesays.com\/fr\/wp-json\/wp\/v2\/media\/616019"}],"wp:attachment":[{"href":"https:\/\/www.europesays.com\/fr\/wp-json\/wp\/v2\/media?parent=616018"}],"wp:term":[{"taxonomy":"category","embeddable":true,"href":"https:\/\/www.europesays.com\/fr\/wp-json\/wp\/v2\/categories?post=616018"},{"taxonomy":"post_tag","embeddable":true,"href":"https:\/\/www.europesays.com\/fr\/wp-json\/wp\/v2\/tags?post=616018"}],"curies":[{"name":"wp","href":"https:\/\/api.w.org\/{rel}","templated":true}]}}