{"id":616023,"date":"2025-12-22T15:06:16","date_gmt":"2025-12-22T15:06:16","guid":{"rendered":"https:\/\/www.europesays.com\/fr\/616023\/"},"modified":"2025-12-22T15:06:16","modified_gmt":"2025-12-22T15:06:16","slug":"composition-des-groupes-au-championnat-arabe-des-clubs","status":"publish","type":"post","link":"https:\/\/www.europesays.com\/fr\/616023\/","title":{"rendered":"Composition des groupes au Championnat Arabe des Clubs"},"content":{"rendered":"<p>Le tirage au sort du Championnat Arabe des Clubs de Volley-ball a \u00e9t\u00e9 effectu\u00e9.<\/p>\n<p>Ce tournoi qui sera organis\u00e9 en Tunisie du 06 au 18 janvier 2026 enregistrera la participation de 12 \u00e9quipes de 8 pays.<\/p>\n<p>Voici la composition des groupes pour ce Championnat Arabe des Clubs :<\/p>\n<p>Groupe A : Esp\u00e9rance Sportive de Tunis (Tunisie), Al Swehly (Libye), Qatar SC (Qatar), ES Tadjnanet (Alg\u00e9rie), Al Seeb (Oman), Gaz Al-Shamal (Irak).<\/p>\n<p>Groupe B : Etoile Sportive du Sahel (Tunisie), Al Muharraq (Bahre\u00efn), Majees Sports Club (Oman), Al Ittihad (Libye), Forces Palestiniennes (Palestine)<\/p>\n<p><img loading=\"lazy\" decoding=\"async\" src=\"https:\/\/www.europesays.com\/fr\/wp-content\/uploads\/2025\/12\/600309094_122201168648391766_6906127897813380238_n.jpg\" alt=\"\" width=\"512\" height=\"640\"\/><\/p>\n","protected":false},"excerpt":{"rendered":"Le tirage au sort du Championnat Arabe des Clubs de Volley-ball a \u00e9t\u00e9 effectu\u00e9. Ce tournoi qui sera&hellip;\n","protected":false},"author":2,"featured_media":616024,"comment_status":"","ping_status":"","sticky":false,"template":"","format":"standard","meta":{"footnotes":""},"categories":[1417],"tags":[1011,27,60,1470,1469],"class_list":{"0":"post-616023","1":"post","2":"type-post","3":"status-publish","4":"format-standard","5":"has-post-thumbnail","7":"category-volley","8":"tag-fr","9":"tag-france","10":"tag-sports","11":"tag-volley","12":"tag-volleyball"},"share_on_mastodon":{"url":"https:\/\/pubeurope.com\/@fr\/115763845692381066","error":""},"_links":{"self":[{"href":"https:\/\/www.europesays.com\/fr\/wp-json\/wp\/v2\/posts\/616023","targetHints":{"allow":["GET"]}}],"collection":[{"href":"https:\/\/www.europesays.com\/fr\/wp-json\/wp\/v2\/posts"}],"about":[{"href":"https:\/\/www.europesays.com\/fr\/wp-json\/wp\/v2\/types\/post"}],"author":[{"embeddable":true,"href":"https:\/\/www.europesays.com\/fr\/wp-json\/wp\/v2\/users\/2"}],"replies":[{"embeddable":true,"href":"https:\/\/www.europesays.com\/fr\/wp-json\/wp\/v2\/comments?post=616023"}],"version-history":[{"count":0,"href":"https:\/\/www.europesays.com\/fr\/wp-json\/wp\/v2\/posts\/616023\/revisions"}],"wp:featuredmedia":[{"embeddable":true,"href":"https:\/\/www.europesays.com\/fr\/wp-json\/wp\/v2\/media\/616024"}],"wp:attachment":[{"href":"https:\/\/www.europesays.com\/fr\/wp-json\/wp\/v2\/media?parent=616023"}],"wp:term":[{"taxonomy":"category","embeddable":true,"href":"https:\/\/www.europesays.com\/fr\/wp-json\/wp\/v2\/categories?post=616023"},{"taxonomy":"post_tag","embeddable":true,"href":"https:\/\/www.europesays.com\/fr\/wp-json\/wp\/v2\/tags?post=616023"}],"curies":[{"name":"wp","href":"https:\/\/api.w.org\/{rel}","templated":true}]}}