{"id":616033,"date":"2025-12-22T15:15:20","date_gmt":"2025-12-22T15:15:20","guid":{"rendered":"https:\/\/www.europesays.com\/fr\/616033\/"},"modified":"2025-12-22T15:15:20","modified_gmt":"2025-12-22T15:15:20","slug":"le-regard-petri-dhumanite-de-pierre-dufour-photographe-mais-aussi-paysan-et-boulanger","status":"publish","type":"post","link":"https:\/\/www.europesays.com\/fr\/616033\/","title":{"rendered":"le regard p\u00e9tri d\u2019humanit\u00e9 de Pierre Dufour, photographe mais aussi paysan et boulanger"},"content":{"rendered":"<p>\u00ab\u00a0Le regard de Nancy Huston veille sur moi. C\u2019est tr\u00e8s r\u00e9confortant. On y lit sa force et sa d\u00e9termination.\u00a0\u00bb La libraire Marie-Pierre Mazeau-Janot \u00e9voque la photo de l\u2019\u00e9crivaine am\u00e9ricaine qui flotte au-dessus de sa t\u00eate, dans sa boutique Les Ruelles, au c\u0153ur de la vieille&#8230;<\/p>\n<p>\u00ab\u00a0Le regard de Nancy Huston veille sur moi. C\u2019est tr\u00e8s r\u00e9confortant. On y lit sa force et sa d\u00e9termination.\u00a0\u00bb La libraire Marie-Pierre Mazeau-Janot \u00e9voque la photo de l\u2019\u00e9crivaine am\u00e9ricaine qui flotte au-dessus de sa t\u00eate, dans sa boutique Les Ruelles, au c\u0153ur de la vieille ville de P\u00e9rigueux (Dordogne). On la doit \u00e0 Pierre Dufour, \u00ab\u00a0une belle rencontre humaine et artistique\u00a0\u00bb que partage la librairie p\u00e9rigourdine \u00e0 travers une exposition-vente, visible jusqu\u2019au vendredi 15\u00a0janvier (1).<\/p>\n<p>Au milieu des livres, on se laisse surprendre par de doux visages, inconnus ou c\u00e9l\u00e8bres, tous immortalis\u00e9s par le m\u00eame homme. Des d\u00e9tails, des ambiances cueillies en Am\u00e9rique ou en Dordogne. Comme cette petite fille, sous un arbre g\u00e9ant du P\u00e9rigord, ou les mains \u00e0 large voilure du pianiste de jazz Hank Jones, fr\u00e8re d\u2019Elvin Jones, batteur de John Coltrane. Le saxophoniste Sonny Rollins, lunettes noires, cheveux \u00e9bouriff\u00e9s c\u00f4toie le chanteur et guitariste br\u00e9silien Caetano Veloso, ou encore le s\u00e9duisant sculpteur Bruno Fonseca, rieur, les yeux band\u00e9s, dans une pose inattendue.<\/p>\n<p>Univers singulier<\/p>\n<p>        <img decoding=\"async\" id=\"27046434\" src=\"https:\/\/www.europesays.com\/fr\/wp-content\/uploads\/2025\/12\/20251210132515-dsc71.jpg\" alt=\"Au-dessus du photographe, ses portraits des musiciens Hank Jones, Sonny Rollins et Caetano Veloso.\" itemprop=\"contentURL\"\/><\/p>\n<p>    Au-dessus du photographe, ses portraits des musiciens Hank Jones, Sonny Rollins et Caetano Veloso.<\/p>\n<p>Philippe Greiller<\/p>\n<p>Bienvenue dans l\u2019univers photographique singulier de Pierre Dufour, cet artiste devenu paysan \u00e0 Lempzours, plus connu \u00e0 P\u00e9rigueux pour ses pains bio au levain, qu\u2019il vend tous les samedis sur le march\u00e9 de la place du Coderc, que pour ses talents de photographe dont il ne fait pas \u00e9tat. Pourtant dans une autre vie, pas si lointaine, il a \u00e9t\u00e9 photographe professionnel. Enfant du pays, il est parti tr\u00e8s jeune pour Londres, puis a travers\u00e9 les \u00c9tats-Unis avant de se poser \u00e0 New York. Il y restera vingt-cinq ans. \u00ab\u00a0Je fais de la photo depuis que j\u2019ai 15\u00a0ans. Mon p\u00e8re m\u2019a pay\u00e9 la moiti\u00e9 de mon premier appareil. Et depuis, je n\u2019ai jamais arr\u00eat\u00e9\u00a0\u00bb, t\u00e9moigne-t-il.<\/p>\n<p>Aux \u00c9tats-Unis, il a \u00e9t\u00e9 assistant de photographes comme Hans Namuth ou encore Annie Leibovitz, sp\u00e9cialis\u00e9e dans les portraits de c\u00e9l\u00e9brit\u00e9s. C\u2019est sur les terrains de la mode, de la culture et de l\u2019architecture qu\u2019il a appris\u00a0: \u00ab\u00a0La meilleure \u00e9cole du monde, avec les meilleurs photographes du monde\u00a0\u00bb, dit-il en souriant. Sans perdre le go\u00fbt de la simplicit\u00e9\u00a0: \u00ab\u00a0J\u2019ai appris \u00e0 devenir humble en sillonnant l\u2019Am\u00e9rique du Sud, au cours d\u2019un voyage de jeunesse initiatique\u00a0\u00bb, \u00e9voque-t-il.<\/p>\n<p>Mise au vert en Dordogne<\/p>\n<p>Pass\u00e9 \u00e0 son compte, il a poursuivi l\u2019aventure jusqu\u2019\u00e0 son retour en France, en 2005. En Dordogne, il a retrouv\u00e9 la maison de sa grand-m\u00e8re pour s\u2019y mettre au vert. \u00ab\u00a0J\u2019\u00e9tais photographe, mais aussi \u00e9colo. J\u2019avais envie de convertir les terres au bio, par conviction, et \u00e7a ne se fait pas en claquant les doigts.\u00a0\u00bb C\u2019est le d\u00e9but d\u2019une nouvelle histoire. Stage de mara\u00eechage, dipl\u00f4me agricole et finalement, le choix de la paysannerie boulangerie.<\/p>\n<blockquote><p>\u00ab\u00a0J\u2019\u00e9tais photographe, mais aussi \u00e9colo. J\u2019avais envie de convertir les terres au bio, par conviction\u00a0\u00bb<\/p><\/blockquote>\n<p>\u00c0 Lempzours, Pierre Dufour cultive des vari\u00e9t\u00e9s anciennes de bl\u00e9, ses engrais verts pour nourrir le sol. Il fait sa propre farine dans son moulin et confectionne son pain. Une activit\u00e9 qui prend du temps, mais ne lui fait pas oublier la photo. C\u2019est finalement l\u2019amiti\u00e9, un autre terreau fertile, qui l\u2019a conduit \u00e0 ouvrir ses vieilles malles. Il y a gard\u00e9 ses clich\u00e9s am\u00e9ricains et les autres. Gr\u00e2ce \u00e0 Thierry Duquoy, \u00ab\u00a0voisin\u00a0\u00bb et cocr\u00e9ateur d\u2019Ad Jardinum, on a pu les voir \u00e0 l\u2019automne dernier dans la librairie de Ligueux Chez Simone, lors de la quatri\u00e8me \u00e9dition du festival. Une heureuse d\u00e9couverte \u00e0 partager, toujours entre les livres, mais cette fois \u00e0 P\u00e9rigueux.<\/p>\n","protected":false},"excerpt":{"rendered":"\u00ab\u00a0Le regard de Nancy Huston veille sur moi. C\u2019est tr\u00e8s r\u00e9confortant. On y lit sa force et sa&hellip;\n","protected":false},"author":2,"featured_media":616034,"comment_status":"","ping_status":"","sticky":false,"template":"","format":"standard","meta":{"footnotes":""},"categories":[1358],"tags":[1348,1384,1385,1386,58,59,1011,27],"class_list":{"0":"post-616033","1":"post","2":"type-post","3":"status-publish","4":"format-standard","5":"has-post-thumbnail","7":"category-arts-et-design","8":"tag-arts","9":"tag-arts-and-design","10":"tag-arts-et-design","11":"tag-design","12":"tag-divertissement","13":"tag-entertainment","14":"tag-fr","15":"tag-france"},"share_on_mastodon":{"url":"https:\/\/pubeurope.com\/@fr\/115763880728647227","error":""},"_links":{"self":[{"href":"https:\/\/www.europesays.com\/fr\/wp-json\/wp\/v2\/posts\/616033","targetHints":{"allow":["GET"]}}],"collection":[{"href":"https:\/\/www.europesays.com\/fr\/wp-json\/wp\/v2\/posts"}],"about":[{"href":"https:\/\/www.europesays.com\/fr\/wp-json\/wp\/v2\/types\/post"}],"author":[{"embeddable":true,"href":"https:\/\/www.europesays.com\/fr\/wp-json\/wp\/v2\/users\/2"}],"replies":[{"embeddable":true,"href":"https:\/\/www.europesays.com\/fr\/wp-json\/wp\/v2\/comments?post=616033"}],"version-history":[{"count":0,"href":"https:\/\/www.europesays.com\/fr\/wp-json\/wp\/v2\/posts\/616033\/revisions"}],"wp:featuredmedia":[{"embeddable":true,"href":"https:\/\/www.europesays.com\/fr\/wp-json\/wp\/v2\/media\/616034"}],"wp:attachment":[{"href":"https:\/\/www.europesays.com\/fr\/wp-json\/wp\/v2\/media?parent=616033"}],"wp:term":[{"taxonomy":"category","embeddable":true,"href":"https:\/\/www.europesays.com\/fr\/wp-json\/wp\/v2\/categories?post=616033"},{"taxonomy":"post_tag","embeddable":true,"href":"https:\/\/www.europesays.com\/fr\/wp-json\/wp\/v2\/tags?post=616033"}],"curies":[{"name":"wp","href":"https:\/\/api.w.org\/{rel}","templated":true}]}}