{"id":616035,"date":"2025-12-22T15:17:26","date_gmt":"2025-12-22T15:17:26","guid":{"rendered":"https:\/\/www.europesays.com\/fr\/616035\/"},"modified":"2025-12-22T15:17:26","modified_gmt":"2025-12-22T15:17:26","slug":"star-academy-attention-tf1-modifie-lhoraire-de-la-quotidienne-le-lundi-22-et-mardi-23-decembre","status":"publish","type":"post","link":"https:\/\/www.europesays.com\/fr\/616035\/","title":{"rendered":"Star Academy : Attention ! TF1 modifie l&rsquo;horaire de la quotidienne le lundi 22 et mardi 23 d\u00e9cembre"},"content":{"rendered":"<p class=\"articleContent-meta\">\n        Aujourd&rsquo;hui \u00e0 13:27 &#8211; par             <a class=\"articleContent-metaAuthorsLink\" href=\"https:\/\/www.programme.tv\/auteur\/maxime-carignano\/\" target=\"_blank\" rel=\"noopener\">Maxime Carignano<\/a><\/p>\n<p>                    Tweeter<\/p>\n<p>                    Partager sur Facebook<\/p>\n<p>                        <img decoding=\"async\" src=\"https:\/\/www.europesays.com\/fr\/wp-content\/uploads\/2025\/12\/star-academy-apres-la-vie-de-chateau-ce-qu-il-faut-savoir-sur-le-documentaire.jpg\" alt=\"Player Video\" class=\"player-applyRatio poster exclude-seedtag\"\/><\/p>\n<p>Les habitudes des fans de la Star Academy vont \u00eatre quelque peu bouscul\u00e9es en ce d\u00e9but de semaine. En raison d&rsquo;ajustements dans la grille des programmes de TF1, l&rsquo;\u00e9mission quotidienne change exceptionnellement d&rsquo;horaire pour deux journ\u00e9es.<\/p>\n<p>La tension monte d&rsquo;un cran au sein du ch\u00e2teau de Dammarie-les-Lys \u00e0 la Star Academy. Il y a deux semaines, L\u00e9o avait \u00e9t\u00e9 \u00e9limin\u00e9 aux portes de la tourn\u00e9e. Lors du prime du samedi 20 d\u00e9cembre, les t\u00e9l\u00e9spectateurs ont assist\u00e9 aux diff\u00e9rents duels entre les \u00e9l\u00e8ves encore en danger. Alors qu&rsquo;<a href=\"https:\/\/www.programme.tv\/news\/emissions-tv\/266298-star-academy-qui-est-leleve-immunise-et-les-eleves-nomines-ce-mardi-16-decembre\/\" target=\"_blank\" rel=\"noopener\">Anouk \u00e9tait immunis\u00e9e<\/a>, plusieurs candidats ont \u00e9t\u00e9 nomin\u00e9s, notamment<b> L\u00e9a, Sarah, Jeanne et Th\u00e9o<\/b>. Apr\u00e8s une soir\u00e9e remplie de suspens, <a href=\"https:\/\/www.programme.tv\/news\/emissions-tv\/266329-star-academy-un-eleve-a-t-il-quitte-l-aventure-a-l-issue-du-dernier-prime-reponse\/\" target=\"_blank\" rel=\"noopener\">Jeanne a \u00e9t\u00e9 \u00e9limin\u00e9e et a d\u00fb quitter les portes du ch\u00e2teau. <\/a><\/p>\n<p>Star Academy : Michael Goldman d\u00e9voile le programme de la semaine avant le prime du samedi 27 d\u00e9cembre<\/p>\n<p>Le dimanche 21 d\u00e9cembre, Michael Goldman a annonc\u00e9 ce qui attend les \u00e9l\u00e8ves cette semaine avant le prime du samedi 27 d\u00e9cembre. Et pour une fois, les \u00e9valuations seront diff\u00e9rentes. Elles auront lieu en direct sur le prime du 27 d\u00e9cembre. Les \u00e9l\u00e8ves devront chanter sur plateau du studio 217 pour tenter de rester dans l&rsquo;aventure. Les trois moins bien not\u00e9s par les professeurs seront nomin\u00e9s. <b>Apr\u00e8s la battle des nomin\u00e9s, un \u00e9l\u00e8ve sera \u00e9limin\u00e9. <\/b>Malgr\u00e9 le grand changement de la semaine, le directeur de la Star Academy a annonc\u00e9 qu&rsquo;il y aura bien des \u00e9valuations le mardi 23 d\u00e9cembre : \u00ab\u00a0Il y aura tout de m\u00eame des \u00e9valuations le mardi parce qu&rsquo;on garde les rendez-vous qu&rsquo;on aime, ce sera pour immuniser le meilleur des \u00e9l\u00e8ves qui ne sera pas soumis aux \u00e9valuations du prime\u00a0\u00bb, a-t-il expliqu\u00e9 aux \u00e9l\u00e8ves.<\/p>\n<p>                                Star Academy : La quotidienne change d&rsquo;horaire le lundi 22 et mardi 23 d\u00e9cembre sur TF1<\/p>\n<p>\u00c0 l&rsquo;approche des f\u00eates de fin d&rsquo;ann\u00e9e, la <b>quotidienne<\/b> de la Star Academy change d&rsquo;horaire. Le lundi 22 et mardi 23 d\u00e9cembre,<b> l&rsquo;\u00e9mission commencera exceptionnellement \u00e0 17h15<\/b>. En effet, en novembre dernier, TF1 a d\u00e9cid\u00e9 de d\u00e9programmer ses deux s\u00e9ries, Ici tout commence et Demain nous appartement pour diffuser les comm\u00e9morations des attentats de 2015 le 13 novembre dernier. Pour rattraper le retard de diffusion li\u00e9 \u00e0 cette \u00e9dition sp\u00e9ciale, la Une diffusera deux \u00e9pisodes d&rsquo;Ici tout commence ce lundi et deux \u00e9pisodes de Demain nous appartient le lendemain.<\/p>\n<p>Rejoignez-nous sur Google !<\/p>\n<p class=\"articleContent-pushTagline\">Abonnez-vous \u00e0 <a href=\"https:\/\/profile.google.com\/cp\/CgsvZy8xMjExMWxuMQ\" target=\"_blank\" rel=\"noopener\">T\u00e9l\u00e9 2 semaines sur Google<\/a> pour ne manquer aucune info !<\/p>\n","protected":false},"excerpt":{"rendered":"Aujourd&rsquo;hui \u00e0 13:27 &#8211; par Maxime Carignano Tweeter Partager sur Facebook Les habitudes des fans de la Star&hellip;\n","protected":false},"author":2,"featured_media":616036,"comment_status":"","ping_status":"","sticky":false,"template":"","format":"standard","meta":{"footnotes":""},"categories":[1356],"tags":[58,59,1011,27,18439,10827,5095,72368,252,199,2175,1364],"class_list":{"0":"post-616035","1":"post","2":"type-post","3":"status-publish","4":"format-standard","5":"has-post-thumbnail","7":"category-television","8":"tag-divertissement","9":"tag-entertainment","10":"tag-fr","11":"tag-france","12":"tag-michael-goldman","13":"tag-nikos-aliagas","14":"tag-star-academy","15":"tag-star-academy-apru00e8s-la-vie-de-chu00e2teau-2102024-0410-pm-tf1","16":"tag-television","17":"tag-tf1","18":"tag-tl-story","19":"tag-tv"},"share_on_mastodon":{"url":"https:\/\/pubeurope.com\/@fr\/115763888988889932","error":""},"_links":{"self":[{"href":"https:\/\/www.europesays.com\/fr\/wp-json\/wp\/v2\/posts\/616035","targetHints":{"allow":["GET"]}}],"collection":[{"href":"https:\/\/www.europesays.com\/fr\/wp-json\/wp\/v2\/posts"}],"about":[{"href":"https:\/\/www.europesays.com\/fr\/wp-json\/wp\/v2\/types\/post"}],"author":[{"embeddable":true,"href":"https:\/\/www.europesays.com\/fr\/wp-json\/wp\/v2\/users\/2"}],"replies":[{"embeddable":true,"href":"https:\/\/www.europesays.com\/fr\/wp-json\/wp\/v2\/comments?post=616035"}],"version-history":[{"count":0,"href":"https:\/\/www.europesays.com\/fr\/wp-json\/wp\/v2\/posts\/616035\/revisions"}],"wp:featuredmedia":[{"embeddable":true,"href":"https:\/\/www.europesays.com\/fr\/wp-json\/wp\/v2\/media\/616036"}],"wp:attachment":[{"href":"https:\/\/www.europesays.com\/fr\/wp-json\/wp\/v2\/media?parent=616035"}],"wp:term":[{"taxonomy":"category","embeddable":true,"href":"https:\/\/www.europesays.com\/fr\/wp-json\/wp\/v2\/categories?post=616035"},{"taxonomy":"post_tag","embeddable":true,"href":"https:\/\/www.europesays.com\/fr\/wp-json\/wp\/v2\/tags?post=616035"}],"curies":[{"name":"wp","href":"https:\/\/api.w.org\/{rel}","templated":true}]}}