{"id":616039,"date":"2025-12-22T15:21:14","date_gmt":"2025-12-22T15:21:14","guid":{"rendered":"https:\/\/www.europesays.com\/fr\/616039\/"},"modified":"2025-12-22T15:21:14","modified_gmt":"2025-12-22T15:21:14","slug":"quand-sort-lage-de-glace-6","status":"publish","type":"post","link":"https:\/\/www.europesays.com\/fr\/616039\/","title":{"rendered":"Quand sort L\u2019\u00c2ge de glace 6 ?"},"content":{"rendered":"<p>Apr\u00e8s presque une d\u00e9cennie d\u2019absence, la saga L\u2019\u00c2ge de glace est bient\u00f4t de retour dans les salles de cin\u00e9ma. On y retrouve bien s\u00fbr les personnages pr\u00e9historiques pr\u00e9f\u00e9r\u00e9s des petits et des grands. Disney, qui a rachet\u00e9 les droits de la franchise en 2017, a d\u00e9voil\u00e9 la date de sortie du 6e volet, le samedi 30 ao\u00fbt 2025. D\u00e9couvrez toutes les infos sur L&rsquo;\u00c2ge de glace 6 !<\/p>\n<p>On n&rsquo;osait presque plus en r\u00eaver. Neuf ans apr\u00e8s son dernier opus, la saga <a href=\"https:\/\/www.programme-tv.net\/news\/evenement\/disney-plus-streaming\/329279-quiz-lage-de-glace-etes-vous-un-vrai-membre-de-la-bande-de-manny-sid-et-diego\/\" data-api-deeplink=\"teleloisirs:\/\/news\/329279\" target=\"_blank\" rel=\"noopener\">L\u2019\u00c2ge de glace<\/a> va \u00e0 nouveau \u00eatre \u00e9toff\u00e9e. Samedi 30 ao\u00fbt 2025, lors de leur convention annuelle, les studios Disney ont annonc\u00e9 la sortie prochaine de L\u2019\u00c2ge de glace : Le Point d\u2019\u00e9bullition. <a href=\"https:\/\/www.programme-tv.net\/news\/evenement\/disney-plus-streaming\/294136-lage-de-glace-bientot-un-sixieme-film\/\" data-api-deeplink=\"teleloisirs:\/\/news\/294136\" target=\"_blank\" rel=\"noopener\">Un sixi\u00e8me volet <\/a>attendu pour le 5 f\u00e9vrier 2027 dans les salles am\u00e9ricaines \u2013 et donc tr\u00e8s certainement le mercredi 3 f\u00e9vrier 2027 en France. Selon les quelques informations d\u00e9j\u00e0 d\u00e9voil\u00e9es, ce nouvel opus sera \u00ab\u00a0d\u00e9jant\u00e9 et plein de dinosaures et de lave\u00a0\u00bb. Une promesse qui devrait faire plaisir aux fans de la franchise, petits comme grands. Cette nouvelle aventure m\u00e8nera \u00ab\u00a0Manny, Sid, Diego, Ellie, Scrat et toute la bande d\u2019animaux dans des recoins encore inexplor\u00e9s du dangereux Monde perdu\u00a0\u00bb.<\/p>\n<p>                        L\u2019\u00c2ge de glace : une saga tr\u00e8s lucrative qui fonctionne, avec des nouveaut\u00e9s r\u00e9guli\u00e8rement r\u00e9serv\u00e9es aux abonn\u00e9s Disney+<\/p>\n<p>Le dernier \u00c2ge de glace en date remonte \u00e0 l&rsquo;ann\u00e9e 2016. Ce 5e opus intitul\u00e9 <a href=\"https:\/\/www.programme-tv.net\/news\/cinema\/289762-lage-de-glace-5-les-lois-de-lunivers-pourquoi-il-ne-faut-pas-manquer-ce-film-danimation\/\" data-api-deeplink=\"teleloisirs:\/\/news\/289762\" target=\"_blank\" rel=\"noopener\">Les Lois de l&rsquo;univers<\/a> avait rapport\u00e9 400 millions de dollars au box-office mondial. Une prouesse qui a d\u00fb grandement jouer dans la d\u00e9cision de Disney (qui a r\u00e9cup\u00e9r\u00e9 les droits de la franchise en 2017), de lancer la production d&rsquo;un sixi\u00e8me film. Dans la version originale, les acteurs Ray Romano, John Leguizamo et la rappeuse <a href=\"https:\/\/www.programme-tv.net\/biographie\/40213-queen-latifah\/\" data-link-people=\"b36a0d47-d73e-4679-9ad7-7744d72ca7bd\" target=\"_blank\" rel=\"noopener\">Queen Latifah<\/a> ont d&rsquo;ores et d\u00e9j\u00e0 r\u00e9sign\u00e9 pour continuer \u00e0 pr\u00eater leurs voix aux trois personnages principaux. On ne sait pas encore si <a href=\"https:\/\/www.programme-tv.net\/biographie\/169684-semoun-elie\/\" data-link-people=\"efc887d9-33e8-4c03-b928-e101088d9a97\" target=\"_blank\" rel=\"noopener\">\u00c9lie Semoun<\/a>, <a href=\"https:\/\/www.programme-tv.net\/biographie\/409-cassel-vincent\/\" data-link-people=\"727237b7-1025-41bd-9852-ceba054d090f\" target=\"_blank\" rel=\"noopener\">Vincent Cassel<\/a> et <a href=\"https:\/\/www.programme-tv.net\/biographie\/1546-lanvin-gerard\/\" data-link-people=\"2b1ca1d3-ccdf-4823-9aab-97e8dce2ea97\" target=\"_blank\" rel=\"noopener\">G\u00e9rard Lanvin<\/a> rempileront \u00e9galement pour la version fran\u00e7aise. Sans eux, les francophones pourraient \u00eatre moins enclins \u00e0 regarder ce nouvel opus. Les enjeux sont d\u00e9j\u00e0 grands : L\u2019\u00c2ge de glace 5 ne recueille que 39% d\u2019avis favorables sur le site <a href=\"https:\/\/www.rottentomatoes.com\/\" target=\"_blank\" rel=\"noopener\">Rotten Tomatoes<\/a>, alors que le premier film de la franchise, sorti en 2002, en r\u00e9colte 82%.<\/p>\n<p>En 2022, les studios Disney avaient d\u00e9j\u00e0 tent\u00e9 de redonner vie \u00e0 la saga L\u2019\u00c2ge de glace gr\u00e2ce au film <a href=\"https:\/\/www.programme-tv.net\/news\/evenement\/disney-plus-streaming\/297179-lage-de-glace-les-aventures-de-buck-wild-disney-pourquoi-il-faut-voir-ce-film-danimation\/\" data-api-deeplink=\"teleloisirs:\/\/news\/297179\" target=\"_blank\" rel=\"noopener\">Les aventures de Buck Wild<\/a>. Ce spin-off est un film original Disney et n\u2019a donc \u00e9t\u00e9 diffus\u00e9 que sur Disney+. Les fans de la premi\u00e8re heure n\u2019ont donc pas tous pu profiter de cette nouveaut\u00e9. Ils n\u2019ont pas non plus pu tous voir la mini-s\u00e9rie anim\u00e9e<a href=\"https:\/\/www.programme-tv.net\/news\/evenement\/disney-plus-streaming\/298692-lage-de-glace-les-aventures-de-scrat-disney-retrouvez-lhilarant-ecureuil-devenu-papa\/\" data-api-deeplink=\"teleloisirs:\/\/news\/298692\" target=\"_blank\" rel=\"noopener\"> Les aventures de Scrat<\/a>, \u00e9galement r\u00e9serv\u00e9e aux abonn\u00e9s Disney+.<\/p>\n<p>Article \u00e9crit en collaboration avec 6M\u00e9dias.<\/p>\n","protected":false},"excerpt":{"rendered":"Apr\u00e8s presque une d\u00e9cennie d\u2019absence, la saga L\u2019\u00c2ge de glace est bient\u00f4t de retour dans les salles de&hellip;\n","protected":false},"author":2,"featured_media":616040,"comment_status":"","ping_status":"","sticky":false,"template":"","format":"standard","meta":{"footnotes":""},"categories":[1354],"tags":[244,58,59,31156,1346,1011,27,72690,72689,72692,1360,10600,36266,72691,12910],"class_list":{"0":"post-616039","1":"post","2":"type-post","3":"status-publish","4":"format-standard","5":"has-post-thumbnail","7":"category-films","8":"tag-commentaire","9":"tag-divertissement","10":"tag-entertainment","11":"tag-film-danimation","12":"tag-films","13":"tag-fr","14":"tag-france","15":"tag-guid_5408269058001","16":"tag-lu00e2ge-de-glace","17":"tag-lu00e2ge-de-glace-5-les-lois-de-lunivers","18":"tag-movies","19":"tag-saga","20":"tag-sorties-cinu00e9ma","21":"tag-uuid_31532110-d312-43d8-8325-b4aae396c84b","22":"tag-we-tv"},"share_on_mastodon":{"url":"https:\/\/pubeurope.com\/@fr\/115763903632383088","error":""},"_links":{"self":[{"href":"https:\/\/www.europesays.com\/fr\/wp-json\/wp\/v2\/posts\/616039","targetHints":{"allow":["GET"]}}],"collection":[{"href":"https:\/\/www.europesays.com\/fr\/wp-json\/wp\/v2\/posts"}],"about":[{"href":"https:\/\/www.europesays.com\/fr\/wp-json\/wp\/v2\/types\/post"}],"author":[{"embeddable":true,"href":"https:\/\/www.europesays.com\/fr\/wp-json\/wp\/v2\/users\/2"}],"replies":[{"embeddable":true,"href":"https:\/\/www.europesays.com\/fr\/wp-json\/wp\/v2\/comments?post=616039"}],"version-history":[{"count":0,"href":"https:\/\/www.europesays.com\/fr\/wp-json\/wp\/v2\/posts\/616039\/revisions"}],"wp:featuredmedia":[{"embeddable":true,"href":"https:\/\/www.europesays.com\/fr\/wp-json\/wp\/v2\/media\/616040"}],"wp:attachment":[{"href":"https:\/\/www.europesays.com\/fr\/wp-json\/wp\/v2\/media?parent=616039"}],"wp:term":[{"taxonomy":"category","embeddable":true,"href":"https:\/\/www.europesays.com\/fr\/wp-json\/wp\/v2\/categories?post=616039"},{"taxonomy":"post_tag","embeddable":true,"href":"https:\/\/www.europesays.com\/fr\/wp-json\/wp\/v2\/tags?post=616039"}],"curies":[{"name":"wp","href":"https:\/\/api.w.org\/{rel}","templated":true}]}}