{"id":616067,"date":"2025-12-22T15:38:16","date_gmt":"2025-12-22T15:38:16","guid":{"rendered":"https:\/\/www.europesays.com\/fr\/616067\/"},"modified":"2025-12-22T15:38:16","modified_gmt":"2025-12-22T15:38:16","slug":"des-bijoux-engages-fun-et-ecolo-chic-la-creatrice-de-matcha-cartonne-avec-ses-boucles-interchangeables-et-colorees-a-montpellier","status":"publish","type":"post","link":"https:\/\/www.europesays.com\/fr\/616067\/","title":{"rendered":"Des bijoux engag\u00e9s, fun et \u00e9colo-chic\u00a0: la cr\u00e9atrice de Matcha cartonne avec ses boucles interchangeables et color\u00e9es \u00e0 Montpellier"},"content":{"rendered":"<p>\n                                                                Avec sa marque de bijoux fantaisie Matcha, Anne-Sophie Peyre m\u00eale esth\u00e9tique et engagement avec ses collections originales et iconiques de cr\u00e9oles.\n                            <\/p>\n<p>Des boucles d\u2019oreilles color\u00e9es, atypiques et engag\u00e9es\u2026 Quand Anne-Sophie Peyre a une id\u00e9e cr\u00e9ative en t\u00eate, le r\u00e9sultat promet toujours du peps et de l\u2019originalit\u00e9. Et dans son petit atelier de confection chez elle, \u00e7a fuse de tous les c\u00f4t\u00e9s<\/p>\n<p>Il faut dire que la dynamique Montpelli\u00e9raine a fait ses armes dans la publicit\u00e9 en tant que directrice artistique, d\u2019abord \u00e0 Montr\u00e9al puis \u00e0 Paris. Lasse de voir sa cr\u00e9ativit\u00e9 parfois un peu \u00ab\u00a0opprim\u00e9e\u00a0\u00bb par les diktats de cette profession, elle d\u00e9cide de se reconvertir.<\/p>\n<p>Et comme elle ne fait rien \u00e0 moiti\u00e9, elle int\u00e8gre la c\u00e9l\u00e8bre \u00c9cole Boulle pour une formation en bijouterie avant de\u00a0lancer sa propre entreprise.<\/p>\n<p>Libert\u00e9 et \u00e9co-reponsabilit\u00e9<\/p>\n<p>\u00ab\u00a0Je voulais pouvoir m\u2019exprimer librement dans un projet qui avait du sens pour moi.\u00a0\u00bb <a href=\"https:\/\/matchaparis.com\/\" target=\"_blank\" rel=\"noopener\">Matcha et ses bijoux fantaisie<\/a> voit le jour en 2016. Mais attention, ils ne sont pas uniquement jolis. Au-del\u00e0 la confection, cette \u00ab\u00a0cr\u00e9ative dans l\u2019\u00e2me\u00a0\u00bb comme elle\u00a0aime se d\u00e9finir, voulait adjoindre \u00e0 sa vision esth\u00e9tique, sa vision \u00e9thique et \u00e9co-reponsable.<\/p>\n<p>L\u2019objectif \u00e9tant que ses breloques \u00e9l\u00e9gantes ne soient\u00a0fabriqu\u00e9es qu\u2019\u00e0 partir d\u2019une alternative au cuir animal. \u00ab\u00a0J\u2019ai d\u00e9but\u00e9 par du cuir de li\u00e8ge.\u00a0\u00bb Avant d\u2019int\u00e9grer peu \u00e0 peu le pinatex (fibre \u00e0 partir d\u2019ananas), du cuir de cactus, de ma\u00efs et d\u2019olive.<\/p>\n<p>Une fois la mati\u00e8re v\u00e9g\u00e9tale s\u00e9lectionn\u00e9e, il lui fallait un produit fini qui puisse se r\u00e9inventer au gr\u00e9 des humeurs, des envies\u2026<\/p>\n<p>\u00ab\u00a0Je voulais que mes bijoux puissent \u00eatre interchangeables. Le c\u00f4t\u00e9 qui se transforme au fil des looks, qui soit fun et en m\u00eame temps qu\u2019on puisse garder sur du long terme\u2026\u00a0\u00bb<\/p>\n<p>Des collections comme moyen d\u2019expression<\/p>\n<p>Mais le concept ne s\u2019arr\u00eate pas l\u00e0. Bien au contraire\u2026 Au-del\u00e0 du c\u00f4t\u00e9\u00a0\u00e9colo-chic, c\u2019est surtout l\u2019originalit\u00e9 des bijoux qui fait fureur. O\u00f9 chacune (voire chacun) peut y trouver son bonheur. Certes il y a les \u00ab\u00a0classiques\u00a0\u00bb\u00a0: de belles cr\u00e9oles asym\u00e9triques avec des fleurs ou d\u2019autres formes g\u00e9om\u00e9triques aux couleurs chatoyantes.<\/p>\n<p>        <img decoding=\"async\" class=\"std-img__img responsive-img\" src=\"https:\/\/www.europesays.com\/fr\/wp-content\/uploads\/2025\/12\/1766417894_144_image.png\" alt=\"Des possibilit\u00e9s de boucles asym\u00e9triques.\"\/><\/p>\n<p>                Des possibilit\u00e9s de boucles asym\u00e9triques.<br \/>\n                                    Matcha<\/p>\n<p>Mais il y a aussi celles plus d\u00e9lirantes, pleines d\u2019humour ou qui servent \u00e0 faire passer des messages et affirmer sa personnalit\u00e9.<\/p>\n<p>\u00ab\u00a0Mes collections sont diverses et vari\u00e9es\u00a0: de la chanson culte des ann\u00e9es 80 ou 90 \u00e0 celles plus engag\u00e9es.\u00a0\u00bb Dont sa gamme f\u00e9ministe qui commence \u00e0 faire\u00a0fureur. \u00ab\u00a0Je voulais que ce soit aussi un moyen d\u2019expression, sur\u00a0le m\u00eame principe que les messages parfois imprim\u00e9s sur les tee-shirts.\u00a0\u00bb<\/p>\n<p>        <img decoding=\"async\" class=\"std-img__img responsive-img\" src=\"https:\/\/www.europesays.com\/fr\/wp-content\/uploads\/2025\/12\/1766417895_684_image.jpg\" alt=\"Un tube, une paire de boucles\u2026\"\/><\/p>\n<p>                Un tube, une paire de boucles\u2026<br \/>\n                                    Matcha<\/p>\n<p>        <img decoding=\"async\" class=\"std-img__img responsive-img\" src=\"https:\/\/www.europesays.com\/fr\/wp-content\/uploads\/2025\/12\/1766417896_781_image.jpg\" alt=\"Le Girl Power entre autres\u2026\"\/><\/p>\n<p>                Le Girl Power entre autres\u2026<br \/>\n                                    Matcha<\/p>\n<p>Et pour parfaire le tout, elle donne \u00e9galement la possibilit\u00e9 \u00e0 ses clientes de choisir la composition. \u00ab\u00a0Je me suis rendu compte que beaucoup achetaient deux paires pour les associer autrement. Maintenant chacun peut faire sa paire \u00e0 sa sauce en choisissant sa breloque, son charm et sa boucle\u2026\u00a0\u00bb<\/p>\n<p>Environ 50\u00a0euros pour une paire de cr\u00e9oles artisanales. Disponible via <a href=\"https:\/\/matchaparis.com\/\" target=\"_blank\" rel=\"noopener\">son site<\/a>. Quelques boucles sont propos\u00e9es au Caf\u00e9 Solo, rue Saint-Guilhem \u00e0 Montpellier.<\/p>\n","protected":false},"excerpt":{"rendered":"Avec sa marque de bijoux fantaisie Matcha, Anne-Sophie Peyre m\u00eale esth\u00e9tique et engagement avec ses collections originales et&hellip;\n","protected":false},"author":2,"featured_media":616068,"comment_status":"","ping_status":"","sticky":false,"template":"","format":"standard","meta":{"footnotes":""},"categories":[9599],"tags":[1111,11,872,1777,674,1011,27,69124,7089,2208,12,64981,2680,25],"class_list":{"0":"post-616067","1":"post","2":"type-post","3":"status-publish","4":"format-standard","5":"has-post-thumbnail","7":"category-montpellier","8":"tag-actu","9":"tag-actualites","10":"tag-culture-et-loisirs","11":"tag-eu","12":"tag-europe","13":"tag-fr","14":"tag-france","15":"tag-fu00eates-et-festivals","16":"tag-herault","17":"tag-montpellier","18":"tag-news","19":"tag-nou00ebl","20":"tag-occitanie","21":"tag-republique-francaise"},"share_on_mastodon":{"url":"https:\/\/pubeurope.com\/@fr\/115763972372762835","error":""},"_links":{"self":[{"href":"https:\/\/www.europesays.com\/fr\/wp-json\/wp\/v2\/posts\/616067","targetHints":{"allow":["GET"]}}],"collection":[{"href":"https:\/\/www.europesays.com\/fr\/wp-json\/wp\/v2\/posts"}],"about":[{"href":"https:\/\/www.europesays.com\/fr\/wp-json\/wp\/v2\/types\/post"}],"author":[{"embeddable":true,"href":"https:\/\/www.europesays.com\/fr\/wp-json\/wp\/v2\/users\/2"}],"replies":[{"embeddable":true,"href":"https:\/\/www.europesays.com\/fr\/wp-json\/wp\/v2\/comments?post=616067"}],"version-history":[{"count":0,"href":"https:\/\/www.europesays.com\/fr\/wp-json\/wp\/v2\/posts\/616067\/revisions"}],"wp:featuredmedia":[{"embeddable":true,"href":"https:\/\/www.europesays.com\/fr\/wp-json\/wp\/v2\/media\/616068"}],"wp:attachment":[{"href":"https:\/\/www.europesays.com\/fr\/wp-json\/wp\/v2\/media?parent=616067"}],"wp:term":[{"taxonomy":"category","embeddable":true,"href":"https:\/\/www.europesays.com\/fr\/wp-json\/wp\/v2\/categories?post=616067"},{"taxonomy":"post_tag","embeddable":true,"href":"https:\/\/www.europesays.com\/fr\/wp-json\/wp\/v2\/tags?post=616067"}],"curies":[{"name":"wp","href":"https:\/\/api.w.org\/{rel}","templated":true}]}}