{"id":616071,"date":"2025-12-22T15:41:12","date_gmt":"2025-12-22T15:41:12","guid":{"rendered":"https:\/\/www.europesays.com\/fr\/616071\/"},"modified":"2025-12-22T15:41:12","modified_gmt":"2025-12-22T15:41:12","slug":"dans-ce-village-pres-de-rouen-un-homme-cagoule-agresse-et-extorque-un-employe-de-banque-sur-le-parking","status":"publish","type":"post","link":"https:\/\/www.europesays.com\/fr\/616071\/","title":{"rendered":"Dans ce village pr\u00e8s de Rouen, un homme cagoul\u00e9 agresse et extorque un employ\u00e9 de banque sur le parking"},"content":{"rendered":"<p>                    Par<br \/>\n        <strong><br \/>\n            <a href=\"https:\/\/actu.fr\/auteur\/julien-bouteiller\" title=\"Consulter tous les articles de Julien Bouteiller\" target=\"_blank\" rel=\"noopener\">Julien Bouteiller<\/a><br \/>\n                    <\/strong><\/p>\n<p>        Publi\u00e9 le<\/p>\n<p>            22 d\u00e9c. 2025 \u00e0 16h35        <\/p>\n<p><strong>INFO\u00a076ACTU.\u00a0<\/strong>L\u2019employ\u00e9 d\u2019une banque de <a href=\"https:\/\/actu.fr\/normandie\/ry_76548\" target=\"_blank\" rel=\"noopener\">Ry<\/a>, <strong>non loin de Rouen<\/strong>, a \u00e9t\u00e9 victime d\u2019une <strong>violente agression<\/strong> ce jeudi 18\u00a0d\u00e9cembre 2025. L\u2019assaillant cagoul\u00e9 l\u2019a frapp\u00e9 et menac\u00e9 pour l\u2019extorquer.<\/p>\n<p>Agress\u00e9 par \u00ab\u2009un individu cagoul\u00e9\u2009\u00bb<\/p>\n<p class=\" wall-content\">D\u2019apr\u00e8s nos informations, confirm\u00e9es par le parquet de Rouen, l\u2019employ\u00e9 est sorti de l\u2019agence situ\u00e9e dans la Grand\u2019 Rue pour aller \u00e0 sa voiture. C\u2019est l\u00e0 qu\u2019il a \u00e9t\u00e9 approch\u00e9 par un <strong>\u00ab\u2009un individu cagoul\u00e9 et v\u00eatu de noir\u2009\u00bb<\/strong>, selon les mots du procureur.<\/p>\n<p class=\" wall-content\">\u00ab\u2009L\u2019individu a tout d\u2019abord demand\u00e9 les cl\u00e9s de la voiture de l\u2019employ\u00e9<strong> en lui portant un coup au visage<\/strong>. S\u2019apercevant que le v\u00e9hicule n\u2019avait plus d\u2019essence, il a plaqu\u00e9 l\u2019employ\u00e9 contre un mur, lui a mis <strong>un couteau sous la gorge<\/strong> et lui a enjoint de retirer de l\u2019argent. L\u2019employ\u00e9 s\u2019est ex\u00e9cut\u00e9 et l\u2019agresseur a pris la fuite \u00e0 pieds\u2009\u00bb, poursuit le magistrat.<\/p>\n<p class=\" wall-content\">\u00c0 ce stade des investigations, l\u2019agresseur n\u2019a pas encore \u00e9t\u00e9 appr\u00e9hend\u00e9. L\u2019enqu\u00eate se poursuit afin de l\u2019identifier et l\u2019interpeller.<\/p>\n<p>Suivez l\u2019actualit\u00e9 de Rouen <a href=\"https:\/\/www.whatsapp.com\/channel\/0029VaKfnf99hXF2ddApFB1D\" target=\"_blank\" rel=\"noopener\">sur notre cha\u00eene WhatsApp<\/a> et <a href=\"https:\/\/www.tiktok.com\/@76actu.fr?lang=fr\" target=\"_blank\" rel=\"noopener\">sur notre compte TikTok<\/a><\/p>\n<p class=\" wall-content\">Personnalisez votre actualit\u00e9 en ajoutant vos villes et m\u00e9dias en favori avec <a href=\"https:\/\/moncompte.actu.fr\" title=\"D\u00e9couvez Mon Actu\" rel=\"nofollow noopener\" data-trk=\"{&quot;cta&quot;:{&quot;action&quot;:&quot;https:\\\/\\\/moncompte.actu.fr&quot;,&quot;category&quot;:&quot;mon compte&quot;,&quot;from&quot;:&quot;article footer&quot;,&quot;name&quot;:&quot;Mon actu&quot;,&quot;type&quot;:&quot;cta&quot;}}\" target=\"_blank\">Mon Actu<\/a>.<\/p>\n<p>                    <script async src=\"\/\/www.tiktok.com\/embed.js\"><\/script><\/p>\n","protected":false},"excerpt":{"rendered":"Par Julien Bouteiller Publi\u00e9 le 22 d\u00e9c. 2025 \u00e0 16h35 INFO\u00a076ACTU.\u00a0L\u2019employ\u00e9 d\u2019une banque de Ry, non loin de&hellip;\n","protected":false},"author":2,"featured_media":616072,"comment_status":"","ping_status":"","sticky":false,"template":"","format":"standard","meta":{"footnotes":""},"categories":[9587],"tags":[1111,11,1777,674,118,1011,27,3381,12,5161,25,9590],"class_list":{"0":"post-616071","1":"post","2":"type-post","3":"status-publish","4":"format-standard","5":"has-post-thumbnail","7":"category-rouen","8":"tag-actu","9":"tag-actualites","10":"tag-eu","11":"tag-europe","12":"tag-faits-divers","13":"tag-fr","14":"tag-france","15":"tag-gendarmerie","16":"tag-news","17":"tag-normandie","18":"tag-republique-francaise","19":"tag-rouen"},"share_on_mastodon":{"url":"https:\/\/pubeurope.com\/@fr\/115763982156656223","error":""},"_links":{"self":[{"href":"https:\/\/www.europesays.com\/fr\/wp-json\/wp\/v2\/posts\/616071","targetHints":{"allow":["GET"]}}],"collection":[{"href":"https:\/\/www.europesays.com\/fr\/wp-json\/wp\/v2\/posts"}],"about":[{"href":"https:\/\/www.europesays.com\/fr\/wp-json\/wp\/v2\/types\/post"}],"author":[{"embeddable":true,"href":"https:\/\/www.europesays.com\/fr\/wp-json\/wp\/v2\/users\/2"}],"replies":[{"embeddable":true,"href":"https:\/\/www.europesays.com\/fr\/wp-json\/wp\/v2\/comments?post=616071"}],"version-history":[{"count":0,"href":"https:\/\/www.europesays.com\/fr\/wp-json\/wp\/v2\/posts\/616071\/revisions"}],"wp:featuredmedia":[{"embeddable":true,"href":"https:\/\/www.europesays.com\/fr\/wp-json\/wp\/v2\/media\/616072"}],"wp:attachment":[{"href":"https:\/\/www.europesays.com\/fr\/wp-json\/wp\/v2\/media?parent=616071"}],"wp:term":[{"taxonomy":"category","embeddable":true,"href":"https:\/\/www.europesays.com\/fr\/wp-json\/wp\/v2\/categories?post=616071"},{"taxonomy":"post_tag","embeddable":true,"href":"https:\/\/www.europesays.com\/fr\/wp-json\/wp\/v2\/tags?post=616071"}],"curies":[{"name":"wp","href":"https:\/\/api.w.org\/{rel}","templated":true}]}}