{"id":616085,"date":"2025-12-22T15:51:19","date_gmt":"2025-12-22T15:51:19","guid":{"rendered":"https:\/\/www.europesays.com\/fr\/616085\/"},"modified":"2025-12-22T15:51:19","modified_gmt":"2025-12-22T15:51:19","slug":"le-projet-du-futur-campus-sante-de-nice-se-concretise","status":"publish","type":"post","link":"https:\/\/www.europesays.com\/fr\/616085\/","title":{"rendered":"Le projet du futur Campus Sant\u00e9 de Nice se concr\u00e9tise"},"content":{"rendered":"<p>                    <img loading=\"lazy\" decoding=\"async\" src=\"https:\/\/www.europesays.com\/fr\/wp-content\/uploads\/2025\/12\/d545bec28528179401d493508dbe22.jpg\" class=\"img-responsive post-image\" width=\"680\" height=\"510\" alt=\"Le projet du futur Campus\" title=\"Le projet du futur Campus Sant\u00e9 de Nice se concr\u00e9tise \"\/><\/p>\n<p class=\"chapo\">Le budget, initialement \u00e9valu\u00e9 \u00e0 quelque 70 millions d\u2019euros mais ramen\u00e9 \u00e0 48 millions, est aujourd\u2019hui quasiment boucl\u00e9. Le projet a ainsi pu \u00eatre pr\u00e9sent\u00e9 il y a quelques jours.<\/p>\n<blockquote class=\"texte\">\n<p>\u00ab\u00a0\u00a0Puisque nous avons obtenu toutes les autorisations, puisque le concours d\u2019architectes est lanc\u00e9 avec 46 candidatures et une d\u00e9signation de l\u2019architecte en f\u00e9vrier 2026, nous pouvons annoncer que nous aurons le premier coup de pioche \u00e0 la fin de l\u2019ann\u00e9e 2026\u00a0\u00a0\u00bb, s\u2019est r\u00e9joui le pr\u00e9sident d\u2019Universit\u00e9 C\u00f4te d\u2019Azur, <strong>Jeanick Brisswalter<\/strong>, \u00e0 l\u2019occasion d\u2019une conf\u00e9rence de presse depuis le site actuel, le 18 d\u00e9cembre.<\/p>\n<\/blockquote>\n<p> \u00ab\u00a0Ce Campus Sant\u00e9 est une \u00e9tape essentielle dans la trajectoire d\u2019Universit\u00e9 C\u00f4te d\u2019Azur. On souhaite adosser une formation d\u2019excellence dans les domaines m\u00e9dical et param\u00e9dical, connect\u00e9e \u00e0 la recherche et \u00e0 l\u2019innovation, au service du bien-\u00eatre et de la sant\u00e9 des citoyens\u00a0\u00a0\u00bb, a ajout\u00e9 M.\u00a0Brisswalter, pr\u00e9cisant qu\u2019il manquait toutefois \u00ab\u00a0encore quelques fonds pour financer la fin de ce campus\u00a0\u00a0\u00bb.<\/p>\n<p>Sur les 48 millions d\u2019euros n\u00e9cessaires pour r\u00e9aliser l\u2019op\u00e9ration, 32,6 millions sont financ\u00e9s par le CPER (Contrat plan \u00c9tat R\u00e9gion) et 5,4 millions financ\u00e9s dans le cadre des projets \u00ab\u00a0Campus Prometteur\u00a0\u00bb. Hors CPER, le d\u00e9partement des Alpes-Maritimes et la m\u00e9tropole Nice C\u00f4te d\u2019Azur ont respectivement ajout\u00e9 pr\u00e8s d\u2019un million et deux millions d\u2019euros et le pr\u00e9fet <strong>Laurent Hottiaux<\/strong> a fait part le 18 d\u00e9cembre \u00ab\u00a0d\u2019un engagement suppl\u00e9mentaire de 3,77 millions d\u2019euros\u00a0\u00bb de la part de l\u2019\u00c9tat.<br class=\"autobr\"\/>\n<\/p>\n<p> <a href=\"https:\/\/www.europesays.com\/fr\/wp-content\/uploads\/2025\/12\/campus_sante_1.jpg\" class=\"spip_doc_lien mediabox\" type=\"image\/jpeg\"><br \/>\n\t\t<img loading=\"lazy\" decoding=\"async\" src=\"https:\/\/www.europesays.com\/fr\/wp-content\/uploads\/2025\/12\/campus_sante_1.jpg\" width=\"1024\" height=\"768\" alt=\"\"\/><\/a><\/p>\n<p>Pr\u00e9sentation \u00e0 la presse le 18 d\u00e9cembre de l\u2019\u00e9tat d\u2019avancement du projet \u00a9SG\n<\/p>\n<p>\u00ab\u00a0Souverainet\u00e9 sanitaire\u00a0\u00bb<\/p>\n<p>\u00ab\u00a0Par ce financement global, l\u2019\u00c9tat envoie un signal clair et sans ambigu\u00eft\u00e9\u00a0: ce campus est un investissement qui est strat\u00e9gique, pour la formation des enseignants, pour la qualit\u00e9 des soins, pour la souverainet\u00e9 sanitaire de tout un territoire\u00a0\u00bb, a annonc\u00e9 le pr\u00e9fet. Il manque ainsi un peu plus de trois millions d\u2019euros pour atteindre la barre des 48 millions mais le pr\u00e9sident de l\u2019universit\u00e9 a bon espoir que la r\u00e9gion Sud imite la m\u00e9tropole, le d\u00e9partement et l\u2019\u00c9tat en accordant \u00e0 son tour une rallonge. \u00ab\u00a0Ce n\u2019est pas un projet de b\u00e2timents suppl\u00e9mentaires, c\u2019est un choix collectif, un engagement durable, une r\u00e9ponse concr\u00e8te aux d\u00e9fis majeurs que sont la sant\u00e9, priorit\u00e9 num\u00e9ro un, le vieillissement de la population, la formation des soignants, l\u2019excellence de notre recherche\u00a0\u00bb, a poursuivi le pr\u00e9fet, qui s\u2019est toutefois montr\u00e9 plus prudent que le pr\u00e9sident de l\u2019universit\u00e9 quant au d\u00e9but des travaux \u00e9voquant \u00ab\u00a0plut\u00f4t 2027\u00a0\u00bb que fin 2026. Pour Laurent Hottiaux, \u00ab\u00a0il y avait urgence \u00e0 agir, \u00e0 anticiper et \u00e0 investir\u00a0\u00bb, \u00e9voquant \u00ab\u00a0des locaux satur\u00e9s, dispers\u00e9s, inadapt\u00e9s aux nouvelles m\u00e9thodes p\u00e9dagogiques et \u00e0 l\u2019augmentation des effectifs\u00a0\u00bb.<\/p>\n<p>\u00ab\u00a0Toutes les professions du soin\u00a0\u00bb<\/p>\n<p>Le doyen de l\u2019UFR de M\u00e9decine, <strong>Jean Dellamonica,<\/strong> a confi\u00e9 qu\u2019il y avait actuellement 280 \u00e9tudiants en m\u00e9decine \u00ab\u00a0dans une facult\u00e9 qui a \u00e9t\u00e9 construite pour 70\u00a0\u00bb. \u00ab\u00a0Notre responsabilit\u00e9 sociale est de fournir, le mot n\u2019est pas joli, le nombre de professionnels dont notre territoire et dont les citoyens ont besoin. Il ne s\u2019agit pas forc\u00e9ment de ne former que des m\u00e9decins, on parle de toutes les professions du soin\u00a0\u00bb, a-t-il ajout\u00e9 alors que l<strong>e futur site regroupera les formations de m\u00e9decine, d\u2019odontologie (d\u00e9j\u00e0 pr\u00e9sente \u00e0 Saint Jean d\u2019Ang\u00e9ly), la pharmacie, la ma\u00efeutique, la kin\u00e9sith\u00e9rapie, l\u2019orthophonie et les infirmi\u00e8res et infirmiers sp\u00e9cialis\u00e9s<\/strong>. Ce campus, qui devrait \u00eatre b\u00e2ti en trois ans, est \u00ab\u00a0une demande tr\u00e8s forte des enseignants et des \u00e9tudiants\u00a0\u00a0\u00bb, a confirm\u00e9 <strong>Auriane Gros<\/strong>, directrice du d\u00e9partement d\u2019orthophonie. \u00ab\u00a0On a augment\u00e9 nos promotions mais malheureusement la place manque. Et nous sommes oblig\u00e9s de recourir plus \u00e0 la visio, ce qui pour des enseignements tr\u00e8s pratiques peut \u00eatre un peu d\u00e9l\u00e9t\u00e8re pour la formation. Cette cr\u00e9ation du Campus Sant\u00e9 est pour nous une grande nouvelle. Notre objectif serait de doubler les promotions et d\u2019avoir 80 orthophonistes chaque ann\u00e9e.\u00a0\u00bb<\/p>\n","protected":false},"excerpt":{"rendered":"Le budget, initialement \u00e9valu\u00e9 \u00e0 quelque 70 millions d\u2019euros mais ramen\u00e9 \u00e0 48 millions, est aujourd\u2019hui quasiment boucl\u00e9.&hellip;\n","protected":false},"author":2,"featured_media":616086,"comment_status":"","ping_status":"","sticky":false,"template":"","format":"standard","meta":{"footnotes":""},"categories":[2819],"tags":[1111,11,2408,1777,674,1011,27,12,2401,882,25],"class_list":{"0":"post-616085","1":"post","2":"type-post","3":"status-publish","4":"format-standard","5":"has-post-thumbnail","7":"category-nice","8":"tag-actu","9":"tag-actualites","10":"tag-appels-d","11":"tag-eu","12":"tag-europe","13":"tag-fr","14":"tag-france","15":"tag-news","16":"tag-nice","17":"tag-provence-alpes-cote-dazur","18":"tag-republique-francaise"},"share_on_mastodon":{"url":"https:\/\/pubeurope.com\/@fr\/115764022511484752","error":""},"_links":{"self":[{"href":"https:\/\/www.europesays.com\/fr\/wp-json\/wp\/v2\/posts\/616085","targetHints":{"allow":["GET"]}}],"collection":[{"href":"https:\/\/www.europesays.com\/fr\/wp-json\/wp\/v2\/posts"}],"about":[{"href":"https:\/\/www.europesays.com\/fr\/wp-json\/wp\/v2\/types\/post"}],"author":[{"embeddable":true,"href":"https:\/\/www.europesays.com\/fr\/wp-json\/wp\/v2\/users\/2"}],"replies":[{"embeddable":true,"href":"https:\/\/www.europesays.com\/fr\/wp-json\/wp\/v2\/comments?post=616085"}],"version-history":[{"count":0,"href":"https:\/\/www.europesays.com\/fr\/wp-json\/wp\/v2\/posts\/616085\/revisions"}],"wp:featuredmedia":[{"embeddable":true,"href":"https:\/\/www.europesays.com\/fr\/wp-json\/wp\/v2\/media\/616086"}],"wp:attachment":[{"href":"https:\/\/www.europesays.com\/fr\/wp-json\/wp\/v2\/media?parent=616085"}],"wp:term":[{"taxonomy":"category","embeddable":true,"href":"https:\/\/www.europesays.com\/fr\/wp-json\/wp\/v2\/categories?post=616085"},{"taxonomy":"post_tag","embeddable":true,"href":"https:\/\/www.europesays.com\/fr\/wp-json\/wp\/v2\/tags?post=616085"}],"curies":[{"name":"wp","href":"https:\/\/api.w.org\/{rel}","templated":true}]}}