{"id":616087,"date":"2025-12-22T15:52:20","date_gmt":"2025-12-22T15:52:20","guid":{"rendered":"https:\/\/www.europesays.com\/fr\/616087\/"},"modified":"2025-12-22T15:52:20","modified_gmt":"2025-12-22T15:52:20","slug":"le-seville-fc-fait-irruption-pour-elye-wahi","status":"publish","type":"post","link":"https:\/\/www.europesays.com\/fr\/616087\/","title":{"rendered":"le S\u00e9ville FC fait irruption pour Elye Wahi !"},"content":{"rendered":"<p>Elye Wahi est sur le d\u00e9part. Arriv\u00e9 \u00e0 l\u2019Eintracht Francfort il y a un an, l\u2019attaquant fran\u00e7ais de 22 ans peine \u00e0 s\u2019imposer au sein du club allemand et ses relations avec son entra\u00eeneur Dino Toppm\u00f6ller ne sont pas id\u00e9ales. R\u00e9cemment, nous vous avons r\u00e9v\u00e9l\u00e9 que Nice souhaite faire revenir le joueur en France et <a href=\"https:\/\/www.footmercato.net\/a1870859475977549575-elye-wahi-a-donne-son-accord-a-nice\" target=\"_blank\" rel=\"noopener\">qu\u2019un accord entre les Aiglons et le joueur a \u00e9t\u00e9 trouv\u00e9<\/a>.<\/p>\n<p>            La suite apr\u00e8s cette publicit\u00e9<\/p>\n<p>Mais rien n\u2019est fait pour le Gym. L\u2019\u00c9quipe annonce que le <a href=\"https:\/\/www.footmercato.net\/club\/sevilla-fc\/\" target=\"_blank\" rel=\"noopener\">S\u00e9ville<\/a> FC est aussi sur le coup. Le club andalou a m\u00eame fait une offre de pr\u00eat avec option d\u2019achat dont le montant est \u00e9lev\u00e9 selon les dirigeants de l\u2019Eintracht. Info ou intox destin\u00e9e \u00e0 faire r\u00e9agir l\u2019OGC Nice ? Affaire \u00e0 suivre. <\/p>\n<p>\n    Pub. le 22\/12\/2025 15:50<br \/>\n            &#8211; MAJ le 22\/12\/2025 16:22\n    <\/p>\n","protected":false},"excerpt":{"rendered":"Elye Wahi est sur le d\u00e9part. Arriv\u00e9 \u00e0 l\u2019Eintracht Francfort il y a un an, l\u2019attaquant fran\u00e7ais de&hellip;\n","protected":false},"author":2,"featured_media":616088,"comment_status":"","ping_status":"","sticky":false,"template":"","format":"standard","meta":{"footnotes":""},"categories":[2819],"tags":[1111,11,1777,674,1011,27,12,2401,882,25],"class_list":{"0":"post-616087","1":"post","2":"type-post","3":"status-publish","4":"format-standard","5":"has-post-thumbnail","7":"category-nice","8":"tag-actu","9":"tag-actualites","10":"tag-eu","11":"tag-europe","12":"tag-fr","13":"tag-france","14":"tag-news","15":"tag-nice","16":"tag-provence-alpes-cote-dazur","17":"tag-republique-francaise"},"share_on_mastodon":{"url":"https:\/\/pubeurope.com\/@fr\/115764025389864005","error":""},"_links":{"self":[{"href":"https:\/\/www.europesays.com\/fr\/wp-json\/wp\/v2\/posts\/616087","targetHints":{"allow":["GET"]}}],"collection":[{"href":"https:\/\/www.europesays.com\/fr\/wp-json\/wp\/v2\/posts"}],"about":[{"href":"https:\/\/www.europesays.com\/fr\/wp-json\/wp\/v2\/types\/post"}],"author":[{"embeddable":true,"href":"https:\/\/www.europesays.com\/fr\/wp-json\/wp\/v2\/users\/2"}],"replies":[{"embeddable":true,"href":"https:\/\/www.europesays.com\/fr\/wp-json\/wp\/v2\/comments?post=616087"}],"version-history":[{"count":0,"href":"https:\/\/www.europesays.com\/fr\/wp-json\/wp\/v2\/posts\/616087\/revisions"}],"wp:featuredmedia":[{"embeddable":true,"href":"https:\/\/www.europesays.com\/fr\/wp-json\/wp\/v2\/media\/616088"}],"wp:attachment":[{"href":"https:\/\/www.europesays.com\/fr\/wp-json\/wp\/v2\/media?parent=616087"}],"wp:term":[{"taxonomy":"category","embeddable":true,"href":"https:\/\/www.europesays.com\/fr\/wp-json\/wp\/v2\/categories?post=616087"},{"taxonomy":"post_tag","embeddable":true,"href":"https:\/\/www.europesays.com\/fr\/wp-json\/wp\/v2\/tags?post=616087"}],"curies":[{"name":"wp","href":"https:\/\/api.w.org\/{rel}","templated":true}]}}