{"id":616089,"date":"2025-12-22T15:53:28","date_gmt":"2025-12-22T15:53:28","guid":{"rendered":"https:\/\/www.europesays.com\/fr\/616089\/"},"modified":"2025-12-22T15:53:28","modified_gmt":"2025-12-22T15:53:28","slug":"trafic-fluide-sur-les-routes-de-lagglomeration","status":"publish","type":"post","link":"https:\/\/www.europesays.com\/fr\/616089\/","title":{"rendered":"trafic fluide sur les routes de l&rsquo;agglom\u00e9ration"},"content":{"rendered":"<p>                    Par<br \/>\n        <strong><br \/>\n            <a href=\"https:\/\/actu.fr\/auteur\/redaction-nantes\" title=\"Consulter tous les articles de R\u00e9daction Nantes\" target=\"_blank\" rel=\"noopener\">R\u00e9daction Nantes<\/a><br \/>\n                    <\/strong><\/p>\n<p>        Publi\u00e9 le<\/p>\n<p>            22 d\u00e9c. 2025 \u00e0 9h16        <\/p>\n<p>Pour ce premier jour des vacances de No\u00ebl, les feux sont au vert sur les routes de l\u2019agglom\u00e9ration nantaise. Apr\u00e8s l\u2019agitation du week-end avec le d\u00e9part pour passer les f\u00eates de fin d\u2019ann\u00e9e en famille, la circulation est fluide.\u00a0<\/p>\n<p class=\" wall-content\">\n<p>4 km de bouchons cumul\u00e9s<\/p>\n<p class=\" wall-content\">Ce lundi 22 d\u00e9cembre 2025, Bison Fut\u00e9 indique que la circulation routi\u00e8re du jour est qualifi\u00e9e de \u00ab\u00a0faible\u00a0\u00bb. Pour preuve, le \u00ab\u00a0pic\u00a0\u00bb de bouchons cumul\u00e9s recens\u00e9 est de 4,4 km, \u00e0 6 h 15, ce lundi.\u00a0<\/p>\n<p class=\" wall-content\">\u00c0 noter, quelques ralentissements au niveau de la porte de Rennes.\u00a0<\/p>\n<p class=\" wall-content\">Personnalisez votre actualit\u00e9 en ajoutant vos villes et m\u00e9dias en favori avec <a href=\"https:\/\/moncompte.actu.fr\" title=\"D\u00e9couvez Mon Actu\" rel=\"nofollow noopener\" data-trk=\"{&quot;cta&quot;:{&quot;action&quot;:&quot;https:\\\/\\\/moncompte.actu.fr&quot;,&quot;category&quot;:&quot;mon compte&quot;,&quot;from&quot;:&quot;article footer&quot;,&quot;name&quot;:&quot;Mon actu&quot;,&quot;type&quot;:&quot;cta&quot;}}\" target=\"_blank\">Mon Actu<\/a>.<\/p>\n","protected":false},"excerpt":{"rendered":"Par R\u00e9daction Nantes Publi\u00e9 le 22 d\u00e9c. 2025 \u00e0 9h16 Pour ce premier jour des vacances de No\u00ebl,&hellip;\n","protected":false},"author":2,"featured_media":616090,"comment_status":"","ping_status":"","sticky":false,"template":"","format":"standard","meta":{"footnotes":""},"categories":[2818],"tags":[1111,11,3542,1777,674,1011,27,766,12,2636,4013,25,104],"class_list":{"0":"post-616089","1":"post","2":"type-post","3":"status-publish","4":"format-standard","5":"has-post-thumbnail","7":"category-nantes","8":"tag-actu","9":"tag-actualites","10":"tag-circulation","11":"tag-eu","12":"tag-europe","13":"tag-fr","14":"tag-france","15":"tag-nantes","16":"tag-news","17":"tag-pays-de-la-loire","18":"tag-peripherique","19":"tag-republique-francaise","20":"tag-societe"},"share_on_mastodon":{"url":"https:\/\/pubeurope.com\/@fr\/115764029298278141","error":""},"_links":{"self":[{"href":"https:\/\/www.europesays.com\/fr\/wp-json\/wp\/v2\/posts\/616089","targetHints":{"allow":["GET"]}}],"collection":[{"href":"https:\/\/www.europesays.com\/fr\/wp-json\/wp\/v2\/posts"}],"about":[{"href":"https:\/\/www.europesays.com\/fr\/wp-json\/wp\/v2\/types\/post"}],"author":[{"embeddable":true,"href":"https:\/\/www.europesays.com\/fr\/wp-json\/wp\/v2\/users\/2"}],"replies":[{"embeddable":true,"href":"https:\/\/www.europesays.com\/fr\/wp-json\/wp\/v2\/comments?post=616089"}],"version-history":[{"count":0,"href":"https:\/\/www.europesays.com\/fr\/wp-json\/wp\/v2\/posts\/616089\/revisions"}],"wp:featuredmedia":[{"embeddable":true,"href":"https:\/\/www.europesays.com\/fr\/wp-json\/wp\/v2\/media\/616090"}],"wp:attachment":[{"href":"https:\/\/www.europesays.com\/fr\/wp-json\/wp\/v2\/media?parent=616089"}],"wp:term":[{"taxonomy":"category","embeddable":true,"href":"https:\/\/www.europesays.com\/fr\/wp-json\/wp\/v2\/categories?post=616089"},{"taxonomy":"post_tag","embeddable":true,"href":"https:\/\/www.europesays.com\/fr\/wp-json\/wp\/v2\/tags?post=616089"}],"curies":[{"name":"wp","href":"https:\/\/api.w.org\/{rel}","templated":true}]}}