{"id":616091,"date":"2025-12-22T15:54:16","date_gmt":"2025-12-22T15:54:16","guid":{"rendered":"https:\/\/www.europesays.com\/fr\/616091\/"},"modified":"2025-12-22T15:54:16","modified_gmt":"2025-12-22T15:54:16","slug":"un-appel-a-temoins-lance-11","status":"publish","type":"post","link":"https:\/\/www.europesays.com\/fr\/616091\/","title":{"rendered":"un appel \u00e0 t\u00e9moins lanc\u00e9"},"content":{"rendered":"<p>                    Par<br \/>\n        <strong><br \/>\n            <a href=\"https:\/\/actu.fr\/auteur\/thomas-bernard\" title=\"Consulter tous les articles de Thomas Bernard\" target=\"_blank\" rel=\"noopener\">Thomas Bernard<\/a><br \/>\n                    <\/strong><\/p>\n<p>        Publi\u00e9 le<\/p>\n<p>            22 d\u00e9c. 2025 \u00e0 16h32        <\/p>\n<p>Ce dimanche 21 d\u00e9cembre 2025, <a href=\"https:\/\/actu.fr\/pays-de-la-loire\/nantes_44109\/nantes-une-femme-de-85-ans-entre-la-vie-et-la-mort-renversee-par-une-voiture_63609477.html\" target=\"_blank\" rel=\"noopener\">une femme de 85 ans a \u00e9t\u00e9 renvers\u00e9e par une voiture au boulevard des Anglais<\/a>, \u00e0 Nantes. Le chauffeur de la voiture a pris la fuite. Ce lundi 22 d\u00e9cembre, le parquet de Nantes annonce le d\u00e9c\u00e8s de l\u2019octog\u00e9naire qui n\u2019a pas surv\u00e9cu \u00e0 ses blessures. La police lance un appel \u00e0 t\u00e9moins pour identifier le v\u00e9hicule et retrouver le conducteur pour cet homicide routier avec d\u00e9lit de fuite.\u00a0<\/p>\n<p>Une voiture Jaguar recherch\u00e9e<\/p>\n<p class=\" wall-content\">\u00ab\u00a0Le 21 d\u00e9cembre 2025, aux alentours de 17 h 40, au niveau du <b>53 boulevard des Anglais \u00e0 Nantes<\/b>, une pi\u00e9tonne \u00e2g\u00e9e de 85 ans \u00e9tait percut\u00e9e sur le passage pi\u00e9ton par une <b>Jaguar de couleur blanche type berline<\/b>, ayant le r\u00e9troviseur c\u00f4t\u00e9 conducteur endommag\u00e9 (coque et miroir manquant). Le conducteur prenait la fuite en <b>direction du rond-point de Vannes\u00a0\u00bb<\/b>, indique l\u2019appel \u00e0 t\u00e9moins transmis \u00e0 la r\u00e9daction d\u2019<a href=\"https:\/\/actu.fr\/nantes\" target=\"_blank\" rel=\"noopener\">actu Nantes<\/a>.\u00a0<\/p>\n<p class=\" wall-content\">Si vous avez des informations, contactez la cellule accident de la police de Nantes au : <b>02 53 46 71 01<\/b>.<\/p>\n<p>Si vous avez des informations, contactez la cellule accident de la police de Nantes au : 02 53 46 71 01.<\/p>\n<p class=\" wall-content\">Personnalisez votre actualit\u00e9 en ajoutant vos villes et m\u00e9dias en favori avec <a href=\"https:\/\/moncompte.actu.fr\" title=\"D\u00e9couvez Mon Actu\" rel=\"nofollow noopener\" data-trk=\"{&quot;cta&quot;:{&quot;action&quot;:&quot;https:\\\/\\\/moncompte.actu.fr&quot;,&quot;category&quot;:&quot;mon compte&quot;,&quot;from&quot;:&quot;article footer&quot;,&quot;name&quot;:&quot;Mon actu&quot;,&quot;type&quot;:&quot;cta&quot;}}\" target=\"_blank\">Mon Actu<\/a>.<\/p>\n","protected":false},"excerpt":{"rendered":"Par Thomas Bernard Publi\u00e9 le 22 d\u00e9c. 2025 \u00e0 16h32 Ce dimanche 21 d\u00e9cembre 2025, une femme de&hellip;\n","protected":false},"author":2,"featured_media":616092,"comment_status":"","ping_status":"","sticky":false,"template":"","format":"standard","meta":{"footnotes":""},"categories":[2818],"tags":[1111,11,4260,1777,674,118,1011,27,766,12,2636,25],"class_list":{"0":"post-616091","1":"post","2":"type-post","3":"status-publish","4":"format-standard","5":"has-post-thumbnail","7":"category-nantes","8":"tag-actu","9":"tag-actualites","10":"tag-appel-a-temoins","11":"tag-eu","12":"tag-europe","13":"tag-faits-divers","14":"tag-fr","15":"tag-france","16":"tag-nantes","17":"tag-news","18":"tag-pays-de-la-loire","19":"tag-republique-francaise"},"share_on_mastodon":{"url":"https:\/\/pubeurope.com\/@fr\/115764033096914393","error":""},"_links":{"self":[{"href":"https:\/\/www.europesays.com\/fr\/wp-json\/wp\/v2\/posts\/616091","targetHints":{"allow":["GET"]}}],"collection":[{"href":"https:\/\/www.europesays.com\/fr\/wp-json\/wp\/v2\/posts"}],"about":[{"href":"https:\/\/www.europesays.com\/fr\/wp-json\/wp\/v2\/types\/post"}],"author":[{"embeddable":true,"href":"https:\/\/www.europesays.com\/fr\/wp-json\/wp\/v2\/users\/2"}],"replies":[{"embeddable":true,"href":"https:\/\/www.europesays.com\/fr\/wp-json\/wp\/v2\/comments?post=616091"}],"version-history":[{"count":0,"href":"https:\/\/www.europesays.com\/fr\/wp-json\/wp\/v2\/posts\/616091\/revisions"}],"wp:featuredmedia":[{"embeddable":true,"href":"https:\/\/www.europesays.com\/fr\/wp-json\/wp\/v2\/media\/616092"}],"wp:attachment":[{"href":"https:\/\/www.europesays.com\/fr\/wp-json\/wp\/v2\/media?parent=616091"}],"wp:term":[{"taxonomy":"category","embeddable":true,"href":"https:\/\/www.europesays.com\/fr\/wp-json\/wp\/v2\/categories?post=616091"},{"taxonomy":"post_tag","embeddable":true,"href":"https:\/\/www.europesays.com\/fr\/wp-json\/wp\/v2\/tags?post=616091"}],"curies":[{"name":"wp","href":"https:\/\/api.w.org\/{rel}","templated":true}]}}