{"id":616096,"date":"2025-12-22T16:00:19","date_gmt":"2025-12-22T16:00:19","guid":{"rendered":"https:\/\/www.europesays.com\/fr\/616096\/"},"modified":"2025-12-22T16:00:19","modified_gmt":"2025-12-22T16:00:19","slug":"grand-parc-canal-un-nouveau-parvis-inaugure-pour-mieux-vivre-les-canaux-a-toulouse","status":"publish","type":"post","link":"https:\/\/www.europesays.com\/fr\/616096\/","title":{"rendered":"Grand Parc Canal : un nouveau parvis inaugur\u00e9 pour mieux vivre les canaux \u00e0 Toulouse"},"content":{"rendered":"<p>C&rsquo;est un tout nouvel espace qui donne\u00a0le coup d&rsquo;envoi au<strong>\u00a0projet Grand Parc Canal<\/strong>\u2026 Le <strong>parvis de Brienne Saint-Pierre<\/strong> a \u00e9t\u00e9 <strong>inaugur\u00e9 ce mercredi 10 d\u00e9cembre 2025<\/strong>. De quoi circuler de mani\u00e8re bien plus agr\u00e9able<strong> entre\u00a0l\u2019\u00e9cole d\u2019\u00e9conomie Toulouse School of Economics (TSE) et l\u2019auditorium Saint-Pierre-des-Cuisines.<\/strong><\/p>\n<p>\u00a0<\/p>\n<p>Un espace de promenade et de qui\u00e9tude<\/p>\n<p>L&rsquo;objectif ? Donner envie aux pi\u00e9ton.ne.s et aux cyclistes de <strong>r\u00e9investir les canaux<\/strong>, d&rsquo;y <strong>fl\u00e2ner<\/strong>, d&rsquo;y <strong>admirer le paysage<\/strong>, de<strong> s&rsquo;asseoir au bord de l&rsquo;eau<\/strong> avec un livre\u2026 <strong>De jour comme de nuit<\/strong>, pour les <strong>habitant.e.s de la Ville Rose<\/strong> comme pour les<strong> visiteur.se.s <\/strong>de passage.\u00a0<\/p>\n<p>        <img decoding=\"async\" class=\"std-img__img responsive-img\" src=\"https:\/\/www.europesays.com\/fr\/wp-content\/uploads\/2025\/12\/1766419217_781_image.jpg\" alt=\"L'all\u00e9e de Barcelone est maintenant plus accessible aux cyclistes.\"\/><\/p>\n<p>                L&rsquo;all\u00e9e de Barcelone est maintenant plus accessible aux cyclistes.<br \/>\n                                    \/ \u00a9 Toulouse M\u00e9tropole<\/p>\n<p>Ainsi, un <strong>jardin en belv\u00e9d\u00e8re<\/strong>, ouvert sur le canal de Brienne, a \u00e9t\u00e9 imagin\u00e9 sur la <strong>place des Reines et des Rois Wisigoths<\/strong>. D&rsquo;une surface de <strong>1500 m\u00e8tres carr\u00e9s<\/strong>, il invite \u00e0 la qui\u00e9tude et \u00e0 la contemplation. C\u00f4t\u00e9 all\u00e9e de Barcelone,<strong> une voie pi\u00e9tonne et une piste cyclable (dans les deux sens)\u00a0<\/strong>relient d\u00e9sormais<strong> les berges du canal \u00e0 l&rsquo;\u00e9cluse Saint-Pierre.\u00a0<\/strong>Ces r\u00e9alisations ont \u00e9t\u00e9 fa\u00e7onn\u00e9es par\u00a0<strong>l\u2019Atelier Jacqueline Osty<\/strong> (Grand prix de l\u2019urbanisme 2020, Grand prix du paysage 2005 et 2018), <strong>paysagiste r\u00e9put\u00e9<\/strong>.<\/p>\n<p class=\"std-elt__inline\">\n        <strong>\u00c0 lire aussi :<\/strong><br \/>\n        <a href=\"https:\/\/www.toulouscope.fr\/2025\/12\/11\/vieux-de-500-ans-ce-lieu-de-patrimoine-cloture-son-annee-anniversaire-avec-un-spectacle-exceptionnel-13100931.php\" target=\"_blank\" rel=\"noopener\">Vieux de 500 ans, ce lieu de patrimoine cl\u00f4ture son ann\u00e9e anniversaire avec un spectacle exceptionnel\u00a0!<\/a>\n    <\/p>\n<p>\u00a0<\/p>\n<p>Les moindres <strong>d\u00e9tails <\/strong>ont \u00e9t\u00e9 travaill\u00e9s, tels que <strong>les lampadaires, des \u00ab\u00a0m\u00e2ts signatures\u00a0\u00bb particuli\u00e8rement originaux<\/strong>. Ils sont dot\u00e9s d&rsquo;<strong>une horloge dite astronomique<\/strong>, afin d&rsquo;<strong>adapter naturellement l&rsquo;intensit\u00e9 d&rsquo;\u00e9clairage \u00e0 la luminosit\u00e9 ambiante<\/strong> ! <strong>L&rsquo;\u00e9cluse Saint-Pierre <\/strong>a aussi profit\u00e9 d&rsquo;un souffle de modernit\u00e9 gr\u00e2ce \u00e0 <strong>une restauration<\/strong> bienvenue.<\/p>\n<p>\u00a0<\/p>\n<p>Les canaux font peau neuve<\/p>\n<p>Ce n&rsquo;est pas tout : les <strong>30 km de canaux <\/strong>qui traversent<strong> Toulouse, Saint-Jory, Lespinasse et Fenouillet <\/strong>ont \u00e9t\u00e9 \u00e9galement scrut\u00e9s \u00e0 la loupe. Afin de les rendre<strong> plus agr\u00e9able<\/strong>s aux badauds,\u00a0des <strong>am\u00e9nagements<\/strong> ont d\u00e9j\u00e0 \u00e9t\u00e9 faits sur de nombreux sites :<strong> bancs, tables de pique-nique, voies cyclables, r\u00e9am\u00e9nagement de placettes<\/strong>\u2026<\/p>\n<p>        <img decoding=\"async\" class=\"std-img__img responsive-img\" src=\"https:\/\/www.europesays.com\/fr\/wp-content\/uploads\/2025\/12\/1766419219_393_image.jpg\" alt=\"D'agr\u00e9ables bancs o\u00f9 prendre une pause au bord du canal...\"\/><\/p>\n<p>                D&rsquo;agr\u00e9ables bancs o\u00f9 prendre une pause au bord du canal&#8230;<br \/>\n                                    \/ \u00a9 Toulouse M\u00e9tropole<\/p>\n<p>Des r\u00e9alisations inaugur\u00e9es dans <strong>une ambiance festive <\/strong>en novembre dernier lors de la <strong>F\u00eate du Canal<\/strong>. Des <strong>pontons<\/strong> et des<strong> panoramas<\/strong>\u00a0au<strong>\u00a0Port de l&rsquo;Embouchure<\/strong> et au <strong>Bassin des Filtres<\/strong>,<strong>\u00a0<\/strong>ou encore\u00a0des <strong>plantations d&rsquo;arbres<\/strong> et une <strong>promenade du Port Saint-Sauveur au pont des Demoiselles<\/strong>, font partie des cr\u00e9ations les plus appr\u00e9ci\u00e9es. Au <strong>Bocage, \u00e0 Fenouillet<\/strong>, une <strong>cabane<\/strong> permet m\u00eame d&rsquo;observer discr\u00e8tement oiseaux et grenouilles&#8230;<\/p>\n<p>\u00c0 long terme, la m\u00e9tropole d\u00e9sire <strong>relier entre eux les cinq Grands Parcs naturels : Garonne, Canal, Hers, Touch et Margelle.<\/strong> De quoi donner encore plus envie de <strong>savourer la vie au bord de l&rsquo;eau.<\/strong><\/p>\n<p class=\"std-elt__inline\">\n        <strong>\u00c0 lire aussi :<\/strong><br \/>\n        <a href=\"https:\/\/www.toulouscope.fr\/2025\/12\/11\/balade-nocturne-speciale-noel-une-viree-lumineuse-a-velo-dans-les-rues-de-toulouse-13077365.php\" target=\"_blank\" rel=\"noopener\">Balade nocturne sp\u00e9ciale No\u00ebl\u00a0: une vir\u00e9e lumineuse \u00e0 v\u00e9lo dans les rues de Toulouse<\/a>\n    <\/p>\n","protected":false},"excerpt":{"rendered":"C&rsquo;est un tout nouvel espace qui donne\u00a0le coup d&rsquo;envoi au\u00a0projet Grand Parc Canal\u2026 Le parvis de Brienne Saint-Pierre&hellip;\n","protected":false},"author":2,"featured_media":616097,"comment_status":"","ping_status":"","sticky":false,"template":"","format":"standard","meta":{"footnotes":""},"categories":[2816],"tags":[1111,11,1777,674,1011,27,12,2680,25,4251,2312,70596],"class_list":{"0":"post-616096","1":"post","2":"type-post","3":"status-publish","4":"format-standard","5":"has-post-thumbnail","7":"category-toulouse","8":"tag-actu","9":"tag-actualites","10":"tag-eu","11":"tag-europe","12":"tag-fr","13":"tag-france","14":"tag-news","15":"tag-occitanie","16":"tag-republique-francaise","17":"tag-sortir","18":"tag-toulouse","19":"tag-visiter-toulouse"},"share_on_mastodon":{"url":"https:\/\/pubeurope.com\/@fr\/115764057664930360","error":""},"_links":{"self":[{"href":"https:\/\/www.europesays.com\/fr\/wp-json\/wp\/v2\/posts\/616096","targetHints":{"allow":["GET"]}}],"collection":[{"href":"https:\/\/www.europesays.com\/fr\/wp-json\/wp\/v2\/posts"}],"about":[{"href":"https:\/\/www.europesays.com\/fr\/wp-json\/wp\/v2\/types\/post"}],"author":[{"embeddable":true,"href":"https:\/\/www.europesays.com\/fr\/wp-json\/wp\/v2\/users\/2"}],"replies":[{"embeddable":true,"href":"https:\/\/www.europesays.com\/fr\/wp-json\/wp\/v2\/comments?post=616096"}],"version-history":[{"count":0,"href":"https:\/\/www.europesays.com\/fr\/wp-json\/wp\/v2\/posts\/616096\/revisions"}],"wp:featuredmedia":[{"embeddable":true,"href":"https:\/\/www.europesays.com\/fr\/wp-json\/wp\/v2\/media\/616097"}],"wp:attachment":[{"href":"https:\/\/www.europesays.com\/fr\/wp-json\/wp\/v2\/media?parent=616096"}],"wp:term":[{"taxonomy":"category","embeddable":true,"href":"https:\/\/www.europesays.com\/fr\/wp-json\/wp\/v2\/categories?post=616096"},{"taxonomy":"post_tag","embeddable":true,"href":"https:\/\/www.europesays.com\/fr\/wp-json\/wp\/v2\/tags?post=616096"}],"curies":[{"name":"wp","href":"https:\/\/api.w.org\/{rel}","templated":true}]}}