{"id":616104,"date":"2025-12-22T16:05:16","date_gmt":"2025-12-22T16:05:16","guid":{"rendered":"https:\/\/www.europesays.com\/fr\/616104\/"},"modified":"2025-12-22T16:05:16","modified_gmt":"2025-12-22T16:05:16","slug":"tranches-tout-lart-de-la-charcuterie","status":"publish","type":"post","link":"https:\/\/www.europesays.com\/fr\/616104\/","title":{"rendered":"Tranches, tout l\u2019art de la charcuterie"},"content":{"rendered":"<p>\tTranches, tout l\u2019art de la charcuterie &#8211; Toutma<\/p>\n<p>&#13;<br \/>\n&#13;<\/p>\n<p>&#13;<br \/>\n\t\t&#13;<\/p>\n<p>Nous utilisons des cookies pour vous garantir la meilleure exp\u00e9rience sur notre site web. Si vous continuez \u00e0 utiliser ce site, nous supposerons que vous en \u00eates satisfait.OK<\/p>\n<p>\t\t&#13;<\/p>\n","protected":false},"excerpt":{"rendered":"Tranches, tout l\u2019art de la charcuterie &#8211; Toutma &#13; &#13; &#13; &#13; Nous utilisons des cookies pour vous&hellip;\n","protected":false},"author":2,"featured_media":616105,"comment_status":"","ping_status":"","sticky":false,"template":"","format":"standard","meta":{"footnotes":""},"categories":[2814],"tags":[1111,11,60439,72697,1777,674,72698,1011,27,884,12,72699,882,25,72700],"class_list":{"0":"post-616104","1":"post","2":"type-post","3":"status-publish","4":"format-standard","5":"has-post-thumbnail","7":"category-marseille","8":"tag-actu","9":"tag-actualites","10":"tag-bonne-adresse-marseille","11":"tag-course-de-noel","12":"tag-eu","13":"tag-europe","14":"tag-foie-gras-marseille","15":"tag-fr","16":"tag-france","17":"tag-marseille","18":"tag-news","19":"tag-pate-en-croute-marseille","20":"tag-provence-alpes-cote-dazur","21":"tag-republique-francaise","22":"tag-tranches-marseille"},"share_on_mastodon":{"url":"https:\/\/pubeurope.com\/@fr\/115764076490085720","error":""},"_links":{"self":[{"href":"https:\/\/www.europesays.com\/fr\/wp-json\/wp\/v2\/posts\/616104","targetHints":{"allow":["GET"]}}],"collection":[{"href":"https:\/\/www.europesays.com\/fr\/wp-json\/wp\/v2\/posts"}],"about":[{"href":"https:\/\/www.europesays.com\/fr\/wp-json\/wp\/v2\/types\/post"}],"author":[{"embeddable":true,"href":"https:\/\/www.europesays.com\/fr\/wp-json\/wp\/v2\/users\/2"}],"replies":[{"embeddable":true,"href":"https:\/\/www.europesays.com\/fr\/wp-json\/wp\/v2\/comments?post=616104"}],"version-history":[{"count":0,"href":"https:\/\/www.europesays.com\/fr\/wp-json\/wp\/v2\/posts\/616104\/revisions"}],"wp:featuredmedia":[{"embeddable":true,"href":"https:\/\/www.europesays.com\/fr\/wp-json\/wp\/v2\/media\/616105"}],"wp:attachment":[{"href":"https:\/\/www.europesays.com\/fr\/wp-json\/wp\/v2\/media?parent=616104"}],"wp:term":[{"taxonomy":"category","embeddable":true,"href":"https:\/\/www.europesays.com\/fr\/wp-json\/wp\/v2\/categories?post=616104"},{"taxonomy":"post_tag","embeddable":true,"href":"https:\/\/www.europesays.com\/fr\/wp-json\/wp\/v2\/tags?post=616104"}],"curies":[{"name":"wp","href":"https:\/\/api.w.org\/{rel}","templated":true}]}}