{"id":616106,"date":"2025-12-22T16:06:15","date_gmt":"2025-12-22T16:06:15","guid":{"rendered":"https:\/\/www.europesays.com\/fr\/616106\/"},"modified":"2025-12-22T16:06:15","modified_gmt":"2025-12-22T16:06:15","slug":"des-perturbations-gare-saint-charles-suite-a-un-bagage-abandonne","status":"publish","type":"post","link":"https:\/\/www.europesays.com\/fr\/616106\/","title":{"rendered":"des perturbations gare Saint-Charles suite \u00e0 un bagage abandonn\u00e9"},"content":{"rendered":"<p>La d\u00e9couverte cet apr\u00e8s-midi d&rsquo;un bagage abandonn\u00e9 gare Saint-Charles \u00e0 Marseille entraine des suppressions de trains et des retards.<\/p>\n<p>La SNCF annonce sur son site \u00eatre en cours d&rsquo;intervention pour un bagage abandonn\u00e9. \u00ab\u00a0La gare de Marseille Saint-Charles n&rsquo;est pas desservie en raison d&rsquo;un bagage d\u00e9laiss\u00e9 en gare n\u00e9cessitant l&rsquo;\u00e9vacuation de la gare et l&rsquo;intervention des forces de l&rsquo;ordre\u00a0\u00bb, pr\u00e9cise la SNCF.<\/p>\n<p>La SNCF pr\u00e9voit une reprise de la circulation vers 17h00.\u00a0<\/p>\n<p>En attendant des trains vers Paris, Toulon ou encore Avignon ont \u00e9t\u00e9 supprim\u00e9s, tout comme des trains en provenance d&rsquo;Hy\u00e8res et Miramas. D&rsquo;autres trains enregistrent des retards allant de 20 mn \u00e0 une heure.<\/p>\n<p><a href=\"https:\/\/www.ter.sncf.com\/sud-provence-alpes-cote-d-azur\/se-deplacer\/prochaines-arrivees\/marseille-saint-charles-87751008\" target=\"_blank\" rel=\"noopener\">Plus de d\u00e9tails sur le trains concern\u00e9s \u00e0 retrouver ici.<\/a><\/p>\n","protected":false},"excerpt":{"rendered":"La d\u00e9couverte cet apr\u00e8s-midi d&rsquo;un bagage abandonn\u00e9 gare Saint-Charles \u00e0 Marseille entraine des suppressions de trains et des&hellip;\n","protected":false},"author":2,"featured_media":616107,"comment_status":"","ping_status":"","sticky":false,"template":"","format":"standard","meta":{"footnotes":""},"categories":[2814],"tags":[1111,11,12784,1777,674,1011,27,6305,884,12,882,25,926,2803],"class_list":{"0":"post-616106","1":"post","2":"type-post","3":"status-publish","4":"format-standard","5":"has-post-thumbnail","7":"category-marseille","8":"tag-actu","9":"tag-actualites","10":"tag-colis","11":"tag-eu","12":"tag-europe","13":"tag-fr","14":"tag-france","15":"tag-gare-saint-charles","16":"tag-marseille","17":"tag-news","18":"tag-provence-alpes-cote-dazur","19":"tag-republique-francaise","20":"tag-train","21":"tag-transport"},"share_on_mastodon":{"url":"","error":""},"_links":{"self":[{"href":"https:\/\/www.europesays.com\/fr\/wp-json\/wp\/v2\/posts\/616106","targetHints":{"allow":["GET"]}}],"collection":[{"href":"https:\/\/www.europesays.com\/fr\/wp-json\/wp\/v2\/posts"}],"about":[{"href":"https:\/\/www.europesays.com\/fr\/wp-json\/wp\/v2\/types\/post"}],"author":[{"embeddable":true,"href":"https:\/\/www.europesays.com\/fr\/wp-json\/wp\/v2\/users\/2"}],"replies":[{"embeddable":true,"href":"https:\/\/www.europesays.com\/fr\/wp-json\/wp\/v2\/comments?post=616106"}],"version-history":[{"count":0,"href":"https:\/\/www.europesays.com\/fr\/wp-json\/wp\/v2\/posts\/616106\/revisions"}],"wp:featuredmedia":[{"embeddable":true,"href":"https:\/\/www.europesays.com\/fr\/wp-json\/wp\/v2\/media\/616107"}],"wp:attachment":[{"href":"https:\/\/www.europesays.com\/fr\/wp-json\/wp\/v2\/media?parent=616106"}],"wp:term":[{"taxonomy":"category","embeddable":true,"href":"https:\/\/www.europesays.com\/fr\/wp-json\/wp\/v2\/categories?post=616106"},{"taxonomy":"post_tag","embeddable":true,"href":"https:\/\/www.europesays.com\/fr\/wp-json\/wp\/v2\/tags?post=616106"}],"curies":[{"name":"wp","href":"https:\/\/api.w.org\/{rel}","templated":true}]}}