{"id":616113,"date":"2025-12-22T16:12:16","date_gmt":"2025-12-22T16:12:16","guid":{"rendered":"https:\/\/www.europesays.com\/fr\/616113\/"},"modified":"2025-12-22T16:12:16","modified_gmt":"2025-12-22T16:12:16","slug":"le-collectif-metooecole-ecrit-une-lettre-a-anne-hidalgo-pour-mieux-proteger-les-enfants","status":"publish","type":"post","link":"https:\/\/www.europesays.com\/fr\/616113\/","title":{"rendered":"le collectif #MeToo\u00c9cole \u00e9crit une lettre \u00e0 Anne Hidalgo pour mieux prot\u00e9ger les enfants"},"content":{"rendered":"<p>                    Par<br \/>\n        <strong><br \/>\n            <a href=\"https:\/\/actu.fr\/auteur\/redaction-paris\" title=\"Consulter tous les articles de R\u00e9daction Paris\" target=\"_blank\" rel=\"noopener\">R\u00e9daction Paris<\/a><br \/>\n                    <\/strong><\/p>\n<p>        Publi\u00e9 le<\/p>\n<p>            22 d\u00e9c. 2025 \u00e0 16h20        <\/p>\n<p>Apr\u00e8s le pr\u00e9sident de la R\u00e9publique, la maire de Paris. Ce lundi 22 d\u00e9cembre 2025, le collectif <strong>#MeToo\u00c9cole<\/strong> a repris la plume pour alerter Anne Hidalgo, deux semaines apr\u00e8s la publication d\u2019<a href=\"https:\/\/actu.fr\/societe\/metooecole-ce-que-ce-collectif-demande-a-emmanuel-et-brigitte-macron-pour-mieux-proteger-les-enfants_63542745.html\" target=\"_blank\" rel=\"noopener\">une tribune adress\u00e9e \u00e0 Emmanuel Macron<\/a>. Alors que les \u00e9coles de la capitale sont secou\u00e9es par une s\u00e9rie de plaintes pour agressions sexuelles, la missive r\u00e9clame \u00ab\u00a0des r\u00e8gles claires\u00a0\u00bb pour lutter contre ces violences. \u00ab\u00a0Ch\u00e8re Maire No\u00ebl\u00a0\u00bb, commence le courrier du collectif \u00e9crit d\u2019une main d\u2019enfant et que\u00a0 <a href=\"https:\/\/www.radiofrance.fr\/franceinter\/podcasts\/l-info-de-france-inter\/chere-maire-noel-le-collectif-metooecole-interpelle-anne-hidalgo-dans-une-lettre-ouverte-7887283\" target=\"_blank\" rel=\"noopener\">France inter<\/a> a pu consulter.\u00a0\u00ab\u00a0Pour la rentr\u00e9e 2026, j\u2019ai un r\u00eave : avoir moins peur \u00e0 l\u2019\u00e9cole\u00a0\u00bb, poursuit-il.<\/p>\n<p class=\" wall-content\">\u00ab\u00a0Je voudrais qu\u2019il y ait plus de grands qui aident, qui regardent vraiment, qui voient quand \u00e7a ne va pas. Je voudrais que l\u2019\u00e9cole soit un endroit o\u00f9 on peut respirer, pas une \u00e9cole o\u00f9 on a peur\u00a0\u00bb, poursuivent les auteurs. Et d\u2019ajouter : \u00ab\u00a0Je veux que les grands qui d\u00e9cident fassent des choses vraies, pour prot\u00e9ger les enfants. Alors pour la rentr\u00e9e 2026, s\u2019il te pla\u00eet, je voudrais : plus d\u2019adultes autour de nous, des r\u00e8gles tr\u00e8s claires, et que les m\u00e9chants ne restent pas avec les enfants.\u00a0\u00bb<\/p>\n<p>\u00ab\u00a0Omerta\u00a0\u00bb et \u00ab\u00a0impunit\u00e9\u00a0\u00bb<\/p>\n<p class=\" wall-content\">#MeToo\u00c9cole avait \u00e9t\u00e9 cr\u00e9\u00e9 le 20 novembre dernier dans un contexte particulier o\u00f9 les signalements de violences commises \u00e0 l\u2019encontre d\u2019enfants dans des \u00e9coles parisiennes se multipliaient. Le mouvement de parents d\u2019\u00e9l\u00e8ves ne regroupe cependant pas uniquement des Parisiens.<\/p>\n<p class=\" wall-content\">Le 6 d\u00e9cembre, une tribune avait \u00e9t\u00e9 publi\u00e9e dans les colonnes de la <a href=\"https:\/\/www.latribune.fr\/article\/la-tribune-dimanche\/societe\/70647455251728\/nous-sommes-metooecole-lettre-ouverte-au-president-de-la-republique?utm_source=chatgpt.com\" target=\"_blank\" rel=\"noopener\">Tribune Dimanche<\/a> pour alerter Emmanuel Macron de <strong>\u00ab\u00a0l\u2019omerta\u00a0\u00bb et \u00ab\u00a0l\u2019impunit\u00e9\u00a0\u00bb<\/strong> des auteurs. Les membres du collectif avaient \u00e9t\u00e9 re\u00e7us \u00e0 l\u2019Assembl\u00e9e nationale dans la foul\u00e9e ainsi qu\u2019\u00e0 l\u2019H\u00f4tel de Ville o\u00f9 ils avaient pu rencontrer des \u00e9quipes de la Mairie de Paris et plusieurs formations politiques.<\/p>\n<p class=\" wall-content\">\u00c0 la suite des r\u00e9v\u00e9lations, la Ville avait annonc\u00e9 <a href=\"https:\/\/actu.fr\/ile-de-france\/paris_75056\/paris-agressions-sexuelles-dans-les-ecoles-ils-fustigent-un-plan-de-protection-qui-va-briser-des-carrieres_63447769.html\" target=\"_blank\" rel=\"noopener\">un plan de lutte contre les violences sexistes et sexuelles<\/a> faites aux enfants dans les \u00e9coles. Le poste de <a href=\"https:\/\/actu.fr\/ile-de-france\/paris_75056\/violences-sexuelles-dans-les-ecoles-de-paris-la-mairie-cree-un-poste-de-defenseur-des-enfants-de-la-ville_63530060.html\" target=\"_blank\" rel=\"noopener\">d\u00e9fenseur des enfants<\/a> avait \u00e9t\u00e9 cr\u00e9\u00e9, promettant un renforcement de la formation des animateurs du p\u00e9riscolaire.<\/p>\n<p class=\" wall-content\">Personnalisez votre actualit\u00e9 en ajoutant vos villes et m\u00e9dias en favori avec <a href=\"https:\/\/moncompte.actu.fr\" title=\"D\u00e9couvez Mon Actu\" rel=\"nofollow noopener\" data-trk=\"{&quot;cta&quot;:{&quot;action&quot;:&quot;https:\\\/\\\/moncompte.actu.fr&quot;,&quot;category&quot;:&quot;mon compte&quot;,&quot;from&quot;:&quot;article footer&quot;,&quot;name&quot;:&quot;Mon actu&quot;,&quot;type&quot;:&quot;cta&quot;}}\" target=\"_blank\">Mon Actu<\/a>.<\/p>\n","protected":false},"excerpt":{"rendered":"Par R\u00e9daction Paris Publi\u00e9 le 22 d\u00e9c. 2025 \u00e0 16h20 Apr\u00e8s le pr\u00e9sident de la R\u00e9publique, la maire&hellip;\n","protected":false},"author":2,"featured_media":616114,"comment_status":"","ping_status":"","sticky":false,"template":"","format":"standard","meta":{"footnotes":""},"categories":[1888],"tags":[1111,1928,11,1927,1719,1777,674,1011,27,2381,12,1926,626,1925,25,104,799],"class_list":{"0":"post-616113","1":"post","2":"type-post","3":"status-publish","4":"format-standard","5":"has-post-thumbnail","7":"category-paris","8":"tag-actu","9":"tag-actu-paris","10":"tag-actualites","11":"tag-actualites-paris","12":"tag-enfants","13":"tag-eu","14":"tag-europe","15":"tag-fr","16":"tag-france","17":"tag-mairie-de-paris","18":"tag-news","19":"tag-news-paris","20":"tag-paris","21":"tag-paris-news","22":"tag-republique-francaise","23":"tag-societe","24":"tag-violences-sexuelles"},"share_on_mastodon":{"url":"https:\/\/pubeurope.com\/@fr\/115764104169055680","error":""},"_links":{"self":[{"href":"https:\/\/www.europesays.com\/fr\/wp-json\/wp\/v2\/posts\/616113","targetHints":{"allow":["GET"]}}],"collection":[{"href":"https:\/\/www.europesays.com\/fr\/wp-json\/wp\/v2\/posts"}],"about":[{"href":"https:\/\/www.europesays.com\/fr\/wp-json\/wp\/v2\/types\/post"}],"author":[{"embeddable":true,"href":"https:\/\/www.europesays.com\/fr\/wp-json\/wp\/v2\/users\/2"}],"replies":[{"embeddable":true,"href":"https:\/\/www.europesays.com\/fr\/wp-json\/wp\/v2\/comments?post=616113"}],"version-history":[{"count":0,"href":"https:\/\/www.europesays.com\/fr\/wp-json\/wp\/v2\/posts\/616113\/revisions"}],"wp:featuredmedia":[{"embeddable":true,"href":"https:\/\/www.europesays.com\/fr\/wp-json\/wp\/v2\/media\/616114"}],"wp:attachment":[{"href":"https:\/\/www.europesays.com\/fr\/wp-json\/wp\/v2\/media?parent=616113"}],"wp:term":[{"taxonomy":"category","embeddable":true,"href":"https:\/\/www.europesays.com\/fr\/wp-json\/wp\/v2\/categories?post=616113"},{"taxonomy":"post_tag","embeddable":true,"href":"https:\/\/www.europesays.com\/fr\/wp-json\/wp\/v2\/tags?post=616113"}],"curies":[{"name":"wp","href":"https:\/\/api.w.org\/{rel}","templated":true}]}}