{"id":616115,"date":"2025-12-22T16:13:21","date_gmt":"2025-12-22T16:13:21","guid":{"rendered":"https:\/\/www.europesays.com\/fr\/616115\/"},"modified":"2025-12-22T16:13:21","modified_gmt":"2025-12-22T16:13:21","slug":"les-20-expositions-a-paris-les-plus-attendues-en-2026-de-martin-parr-a-matisse","status":"publish","type":"post","link":"https:\/\/www.europesays.com\/fr\/616115\/","title":{"rendered":"Les 20 expositions \u00e0 Paris les plus attendues en 2026, de Martin Parr \u00e0 Matisse"},"content":{"rendered":"<p><strong>Quand :<\/strong> du 26 mars au 2 ao\u00fbt 2026<\/p>\n<p><img decoding=\"async\" alt=\"Le critique Frederick Laws et la photographe Lee Miller mars 1950\" loading=\"lazy\" class=\"ResponsiveImageContainer-eNxvmU cfBbTk responsive-image__image\"   src=\"https:\/\/www.europesays.com\/fr\/wp-content\/uploads\/2025\/12\/GettyImages-109102526.jpg\"\/><\/p>\n<p>Le critique Frederick Laws et la photographe Lee Miller, mars 1950.<\/p>\n<p>Photo by Haywood Magee\/Picture Post\/Hulton Archive\/Getty Images<strong>Lee Miller<\/strong><\/p>\n<p><strong>O\u00f9 :<\/strong> Mus\u00e9e d\u2019Art Moderne de Paris, 11, avenue du Pr\u00e9sident Wilson, 75116 Paris, <a data-offer-url=\"https:\/\/www.mam.paris.fr\/\" class=\"external-link\" data-event-click=\"{&quot;element&quot;:&quot;ExternalLink&quot;,&quot;outgoingURL&quot;:&quot;https:\/\/www.mam.paris.fr\/&quot;}\" href=\"https:\/\/www.mam.paris.fr\/\" rel=\"nofollow noopener\" target=\"_blank\">www.mam.paris.fr<\/a><\/p>\n<p><strong>Quand :<\/strong> du 3 avril au 26 juillet 2026<\/p>\n<p><img decoding=\"async\" alt=\"Tom Ewell et Marilyn Monroe dans une sc\u00e8ne du film Sept ans de rflexion\" loading=\"lazy\" class=\"ResponsiveImageContainer-eNxvmU cfBbTk responsive-image__image\"   src=\"https:\/\/www.europesays.com\/fr\/wp-content\/uploads\/2025\/12\/GettyImages-517351360.jpg\"\/><\/p>\n<p>Tom Ewell et Marilyn Monroe dans une sc\u00e8ne du film Sept ans de r\u00e9flexion.<\/p>\n<p>Bettmann \/ Getty Images<strong>Marilyn Monroe : 100 ans !<\/strong><\/p>\n<p><strong>O\u00f9 :<\/strong> Cin\u00e9math\u00e8que fran\u00e7aise, 51, rue de Bercy, 75012 Paris, <a data-offer-url=\"https:\/\/www.cinematheque.fr\/\" class=\"external-link\" data-event-click=\"{&quot;element&quot;:&quot;ExternalLink&quot;,&quot;outgoingURL&quot;:&quot;https:\/\/www.cinematheque.fr\/&quot;}\" href=\"https:\/\/www.cinematheque.fr\/\" rel=\"nofollow noopener\" target=\"_blank\">www.cinematheque.fr<\/a><\/p>\n<p><strong>Quand :<\/strong> du 8 avril au 26 juillet 2026<\/p>\n<p><img decoding=\"async\" alt=\"Sculptor Alexander Calder standing with one of his mobile sculptures Tate Gallery London July 3rd 1962\" loading=\"lazy\" class=\"ResponsiveImageContainer-eNxvmU cfBbTk responsive-image__image\"   src=\"https:\/\/www.europesays.com\/fr\/wp-content\/uploads\/2025\/12\/GettyImages-2183524316.jpg\"\/><\/p>\n<p>Sculptor Alexander Calder standing with one of his mobile sculptures, Tate Gallery, London, July 3rd 1962.Photo by Reg Lancaster\/Daily Express\/Hulton Archive\/Getty Images<\/p>\n<p><strong>Calder. R\u00eaver en \u00c9quilibre<\/strong><\/p>\n<p><strong>O\u00f9 :<\/strong> Fondation Louis Vuitton, 8, avenue du Mahatma Gandhi, 75116 Paris, <a data-offer-url=\"https:\/\/www.fondationlouisvuitton.fr\/fr\" class=\"external-link\" data-event-click=\"{&quot;element&quot;:&quot;ExternalLink&quot;,&quot;outgoingURL&quot;:&quot;https:\/\/www.fondationlouisvuitton.fr\/fr&quot;}\" href=\"https:\/\/www.fondationlouisvuitton.fr\/fr\" rel=\"nofollow noopener\" target=\"_blank\">www.fondationlouisvuitton.fr<\/a><\/p>\n","protected":false},"excerpt":{"rendered":"Quand : du 26 mars au 2 ao\u00fbt 2026 Le critique Frederick Laws et la photographe Lee Miller,&hellip;\n","protected":false},"author":2,"featured_media":616116,"comment_status":"","ping_status":"","sticky":false,"template":"","format":"standard","meta":{"footnotes":""},"categories":[1888],"tags":[1111,1928,11,1927,1777,674,1349,1011,27,12,1926,626,1925,1756,25],"class_list":{"0":"post-616115","1":"post","2":"type-post","3":"status-publish","4":"format-standard","5":"has-post-thumbnail","7":"category-paris","8":"tag-actu","9":"tag-actu-paris","10":"tag-actualites","11":"tag-actualites-paris","12":"tag-eu","13":"tag-europe","14":"tag-expositions","15":"tag-fr","16":"tag-france","17":"tag-news","18":"tag-news-paris","19":"tag-paris","20":"tag-paris-news","21":"tag-photographie","22":"tag-republique-francaise"},"share_on_mastodon":{"url":"https:\/\/pubeurope.com\/@fr\/115764110369046133","error":""},"_links":{"self":[{"href":"https:\/\/www.europesays.com\/fr\/wp-json\/wp\/v2\/posts\/616115","targetHints":{"allow":["GET"]}}],"collection":[{"href":"https:\/\/www.europesays.com\/fr\/wp-json\/wp\/v2\/posts"}],"about":[{"href":"https:\/\/www.europesays.com\/fr\/wp-json\/wp\/v2\/types\/post"}],"author":[{"embeddable":true,"href":"https:\/\/www.europesays.com\/fr\/wp-json\/wp\/v2\/users\/2"}],"replies":[{"embeddable":true,"href":"https:\/\/www.europesays.com\/fr\/wp-json\/wp\/v2\/comments?post=616115"}],"version-history":[{"count":0,"href":"https:\/\/www.europesays.com\/fr\/wp-json\/wp\/v2\/posts\/616115\/revisions"}],"wp:featuredmedia":[{"embeddable":true,"href":"https:\/\/www.europesays.com\/fr\/wp-json\/wp\/v2\/media\/616116"}],"wp:attachment":[{"href":"https:\/\/www.europesays.com\/fr\/wp-json\/wp\/v2\/media?parent=616115"}],"wp:term":[{"taxonomy":"category","embeddable":true,"href":"https:\/\/www.europesays.com\/fr\/wp-json\/wp\/v2\/categories?post=616115"},{"taxonomy":"post_tag","embeddable":true,"href":"https:\/\/www.europesays.com\/fr\/wp-json\/wp\/v2\/tags?post=616115"}],"curies":[{"name":"wp","href":"https:\/\/api.w.org\/{rel}","templated":true}]}}