{"id":616127,"date":"2025-12-22T16:20:16","date_gmt":"2025-12-22T16:20:16","guid":{"rendered":"https:\/\/www.europesays.com\/fr\/616127\/"},"modified":"2025-12-22T16:20:16","modified_gmt":"2025-12-22T16:20:16","slug":"pink-floyd-wish-you-were-here-devient-numero-1-de-noel-au-royaume-uni-50-ans-apres-sa-sortie","status":"publish","type":"post","link":"https:\/\/www.europesays.com\/fr\/616127\/","title":{"rendered":"Pink Floyd : &lsquo;Wish You Were Here&rsquo; devient num\u00e9ro 1 de No\u00ebl au Royaume-Uni, 50 ans apr\u00e8s sa sortie"},"content":{"rendered":"<p><strong>Un record historique pour Pink Floyd<\/strong><\/p>\n<p style=\"text-align:start\">Il s&rsquo;agit du deuxi\u00e8me album num\u00e9ro 1 de Pink Floyd cette ann\u00e9e, apr\u00e8s Pink Floyd At Pompeii \u2013 MCMLXXII. Bien que ce soit leur premier album num\u00e9ro 1 de No\u00ebl, le groupe avait d\u00e9j\u00e0 d\u00e9croch\u00e9 la premi\u00e8re place des singles en 1979 avec \u00ab\u00a0Another Brick In The Wall, Pt. 2\u00a0\u00bb.<\/p>\n<p style=\"text-align:start\">Wish You Were Here devance dans ce classement de No\u00ebl les derniers albums d&rsquo;Olivia Dean, Taylor Swift, Sabrina Carpenter et Sam Fender, ainsi que l&rsquo;album Christmas de Michael Bubl\u00e9. Un succ\u00e8s qui t\u00e9moigne de la force intemporelle de cette \u0153uvre majeure du rock progressif.<\/p>\n<p><strong>Votez pour vos sorties pr\u00e9f\u00e9r\u00e9es de 2025<\/strong><\/p>\n<p style=\"text-align:start\">Cette r\u00e9\u00e9dition anniversaire figure \u00e9galement dans le <a href=\"(https:\/\/www.rtbf.be\/article\/best-of-2025-sur-classic-21-votez-pour-vos-sorties-preferees-de-l-annee-11642393\">Best of 2025 sur Classic 21<\/a>. Vous pouvez voter pour\u00a0vos\u00a010 meilleures sorties de l&rsquo;ann\u00e9e jusqu&rsquo;au 31 d\u00e9cembre. Pierre Lorand et Jean-Paul Smismans parcourront l&rsquo;ann\u00e9e \u00e9coul\u00e9e lors d&rsquo;une \u00e9mission sp\u00e9ciale le 1er janvier de 16h \u00e0 19h.<\/p>\n","protected":false},"excerpt":{"rendered":"Un record historique pour Pink Floyd Il s&rsquo;agit du deuxi\u00e8me album num\u00e9ro 1 de Pink Floyd cette ann\u00e9e,&hellip;\n","protected":false},"author":2,"featured_media":616128,"comment_status":"","ping_status":"","sticky":false,"template":"","format":"standard","meta":{"footnotes":""},"categories":[1588],"tags":[11,1777,674,12,473,1853,1851,1850,1852],"class_list":{"0":"post-616127","1":"post","2":"type-post","3":"status-publish","4":"format-standard","5":"has-post-thumbnail","7":"category-royaume-uni","8":"tag-actualites","9":"tag-eu","10":"tag-europe","11":"tag-news","12":"tag-royaume-uni","13":"tag-royaume-uni-de-grande-bretagne-et-dirlande-du-nord","14":"tag-uk","15":"tag-united-kingdom","16":"tag-united-kingdom-of-great-britain-and-northern-ireland"},"share_on_mastodon":{"url":"https:\/\/pubeurope.com\/@fr\/115764135517916010","error":""},"_links":{"self":[{"href":"https:\/\/www.europesays.com\/fr\/wp-json\/wp\/v2\/posts\/616127","targetHints":{"allow":["GET"]}}],"collection":[{"href":"https:\/\/www.europesays.com\/fr\/wp-json\/wp\/v2\/posts"}],"about":[{"href":"https:\/\/www.europesays.com\/fr\/wp-json\/wp\/v2\/types\/post"}],"author":[{"embeddable":true,"href":"https:\/\/www.europesays.com\/fr\/wp-json\/wp\/v2\/users\/2"}],"replies":[{"embeddable":true,"href":"https:\/\/www.europesays.com\/fr\/wp-json\/wp\/v2\/comments?post=616127"}],"version-history":[{"count":0,"href":"https:\/\/www.europesays.com\/fr\/wp-json\/wp\/v2\/posts\/616127\/revisions"}],"wp:featuredmedia":[{"embeddable":true,"href":"https:\/\/www.europesays.com\/fr\/wp-json\/wp\/v2\/media\/616128"}],"wp:attachment":[{"href":"https:\/\/www.europesays.com\/fr\/wp-json\/wp\/v2\/media?parent=616127"}],"wp:term":[{"taxonomy":"category","embeddable":true,"href":"https:\/\/www.europesays.com\/fr\/wp-json\/wp\/v2\/categories?post=616127"},{"taxonomy":"post_tag","embeddable":true,"href":"https:\/\/www.europesays.com\/fr\/wp-json\/wp\/v2\/tags?post=616127"}],"curies":[{"name":"wp","href":"https:\/\/api.w.org\/{rel}","templated":true}]}}