{"id":616144,"date":"2025-12-22T16:35:18","date_gmt":"2025-12-22T16:35:18","guid":{"rendered":"https:\/\/www.europesays.com\/fr\/616144\/"},"modified":"2025-12-22T16:35:18","modified_gmt":"2025-12-22T16:35:18","slug":"avranches-strasbourg-programme-alsasports","status":"publish","type":"post","link":"https:\/\/www.europesays.com\/fr\/616144\/","title":{"rendered":"Avranches &#8211; Strasbourg programm\u00e9 ! \u2014 Alsa&rsquo;Sports"},"content":{"rendered":"<p class=\"sby_caption\">\ud83c\udf99\ufe0f L&rsquo;\u00e9mission en public depuis Fun Burger Obernai<\/p>\n<p>Club 1906 \u2013 Le podcast 100 % Racing Club de Strasbourg<br \/>Plongez au c\u0153ur de l&rsquo;actualit\u00e9 du Racing Club de Strasbourg avec Club 1906, le podcast officiel de Direct Racing. Chaque semaine, nos journalistes, invit\u00e9s et supporters passionn\u00e9s d\u00e9cryptent les performances de l\u2019\u00e9quipe, les coulisses du club, les rumeurs du mercato et les grandes dates qui font vibrer l\u2019Alsace.<\/p>\n<p>Analyse tactique, d\u00e9bats enflamm\u00e9s, anecdotes in\u00e9dites et interviews exclusives : vivez votre passion du Racing autrement, dans un format libre et authentique.<\/p>\n<p>\ud83c\udfa7 Club 1906, c\u2019est votre rendez-vous incontournable si le ciel bleu et blanc coule dans vos veines.<\/p>\n<p class=\"sby_stats\">\n<p>                                                                    3<\/p>\n<p>                                                                        0<\/p>\n","protected":false},"excerpt":{"rendered":"\ud83c\udf99\ufe0f L&rsquo;\u00e9mission en public depuis Fun Burger Obernai Club 1906 \u2013 Le podcast 100 % Racing Club de&hellip;\n","protected":false},"author":2,"featured_media":572541,"comment_status":"","ping_status":"","sticky":false,"template":"","format":"standard","meta":{"footnotes":""},"categories":[1410],"tags":[63,1011,27,4448,60],"class_list":{"0":"post-616144","1":"post","2":"type-post","3":"status-publish","4":"format-standard","5":"has-post-thumbnail","7":"category-football","8":"tag-football","9":"tag-fr","10":"tag-france","11":"tag-rc-strasbourg","12":"tag-sports"},"share_on_mastodon":{"url":"https:\/\/pubeurope.com\/@fr\/115764194541692499","error":""},"_links":{"self":[{"href":"https:\/\/www.europesays.com\/fr\/wp-json\/wp\/v2\/posts\/616144","targetHints":{"allow":["GET"]}}],"collection":[{"href":"https:\/\/www.europesays.com\/fr\/wp-json\/wp\/v2\/posts"}],"about":[{"href":"https:\/\/www.europesays.com\/fr\/wp-json\/wp\/v2\/types\/post"}],"author":[{"embeddable":true,"href":"https:\/\/www.europesays.com\/fr\/wp-json\/wp\/v2\/users\/2"}],"replies":[{"embeddable":true,"href":"https:\/\/www.europesays.com\/fr\/wp-json\/wp\/v2\/comments?post=616144"}],"version-history":[{"count":0,"href":"https:\/\/www.europesays.com\/fr\/wp-json\/wp\/v2\/posts\/616144\/revisions"}],"wp:featuredmedia":[{"embeddable":true,"href":"https:\/\/www.europesays.com\/fr\/wp-json\/wp\/v2\/media\/572541"}],"wp:attachment":[{"href":"https:\/\/www.europesays.com\/fr\/wp-json\/wp\/v2\/media?parent=616144"}],"wp:term":[{"taxonomy":"category","embeddable":true,"href":"https:\/\/www.europesays.com\/fr\/wp-json\/wp\/v2\/categories?post=616144"},{"taxonomy":"post_tag","embeddable":true,"href":"https:\/\/www.europesays.com\/fr\/wp-json\/wp\/v2\/tags?post=616144"}],"curies":[{"name":"wp","href":"https:\/\/api.w.org\/{rel}","templated":true}]}}