{"id":616149,"date":"2025-12-22T16:39:14","date_gmt":"2025-12-22T16:39:14","guid":{"rendered":"https:\/\/www.europesays.com\/fr\/616149\/"},"modified":"2025-12-22T16:39:14","modified_gmt":"2025-12-22T16:39:14","slug":"ce-nest-pas-moi-nouvelle-bourde-pour-lea-salame-face-a-muriel-robin-dans-quelle-epoque","status":"publish","type":"post","link":"https:\/\/www.europesays.com\/fr\/616149\/","title":{"rendered":"Ce n&rsquo;est pas moi\u00a0!\u00a0\u00bb: nouvelle bourde pour L\u00e9a Salam\u00e9 face \u00e0 Muriel Robin dans \u00ab\u00a0Quelle \u00e9poque\u00a0!"},"content":{"rendered":"<p class=\"ap-StoryElement ap-StoryElement--mb ap-StoryText\">Un clich\u00e9 en noir et blanc appara\u00eet sur le grand \u00e9cran du plateau. \u00ab\u00a0On vient de te voir enfant l\u00e0 sur la photo. On peut la revoir ?\u00a0\u00bb, lance Louise Bourgoin avant d&rsquo;ajouter, dubitative : \u00ab\u00a0Mais, c&rsquo;est Muriel \u00e7a ?\u00a0\u00bb.\u00a0\u00bbMais, pas du tout ! C&rsquo;est un gar\u00e7on !\u00a0\u00bb, r\u00e9pond alors Muriel Robin. L\u00e9a Salam\u00e9 insiste : \u00ab\u00a0Si, c&rsquo;est vous !\u00a0\u00bb.\u00a0\u00bbCe n&rsquo;est pas ma m\u00e8re, et ce n&rsquo;est pas moi\u00a0\u00bb, rench\u00e9rit la com\u00e9dienne cr\u00e9ant un fou rire g\u00e9n\u00e9ral. \u00ab\u00a0Vous l&rsquo;avez regard\u00e9e la photo ? Vous voyez bien que c&rsquo;est pas mes genoux !\u00a0\u00bb<\/p>\n<p class=\"ap-StoryElement ap-StoryElement--mb ap-StoryText\">\u00ab\u00a0Mais, c&rsquo;est qui du coup ?\u00a0\u00bb, lance alors Hugo Cl\u00e9ment. Amus\u00e9e par cette erreur, Muriel Robin r\u00e9pond : \u00ab\u00a0Alors \u00e0 droite, c&rsquo;est L\u00e9a Salam\u00e9, a-t-elle lanc\u00e9 faisant r\u00e9f\u00e9rence \u00e0 la femme se trouvant \u00e0 c\u00f4t\u00e9 de l&rsquo;enfant sur le clich\u00e9. C&rsquo;\u00e9tait il y a quatre ans, elle n&rsquo;avait pas encore trouv\u00e9 sa voie, c&rsquo;\u00e9tait avant le JT. Et a gauche on ne sait pas, c&rsquo;\u00e9tait un enfant qu&rsquo;elle a trouv\u00e9 dans la rue.\u00a0\u00bb<\/p>\n","protected":false},"excerpt":{"rendered":"Un clich\u00e9 en noir et blanc appara\u00eet sur le grand \u00e9cran du plateau. \u00ab\u00a0On vient de te voir&hellip;\n","protected":false},"author":2,"featured_media":616150,"comment_status":"","ping_status":"","sticky":false,"template":"","format":"standard","meta":{"footnotes":""},"categories":[1356],"tags":[32367,58,59,1011,27,594,34700,3806,11764,252,1364],"class_list":{"0":"post-616149","1":"post","2":"type-post","3":"status-publish","4":"format-standard","5":"has-post-thumbnail","7":"category-television","8":"tag-20-heures","9":"tag-divertissement","10":"tag-entertainment","11":"tag-fr","12":"tag-france","13":"tag-france-2","14":"tag-jt","15":"tag-lea-salame","16":"tag-muriel-robin","17":"tag-television","18":"tag-tv"},"share_on_mastodon":{"url":"https:\/\/pubeurope.com\/@fr\/115764210399852367","error":""},"_links":{"self":[{"href":"https:\/\/www.europesays.com\/fr\/wp-json\/wp\/v2\/posts\/616149","targetHints":{"allow":["GET"]}}],"collection":[{"href":"https:\/\/www.europesays.com\/fr\/wp-json\/wp\/v2\/posts"}],"about":[{"href":"https:\/\/www.europesays.com\/fr\/wp-json\/wp\/v2\/types\/post"}],"author":[{"embeddable":true,"href":"https:\/\/www.europesays.com\/fr\/wp-json\/wp\/v2\/users\/2"}],"replies":[{"embeddable":true,"href":"https:\/\/www.europesays.com\/fr\/wp-json\/wp\/v2\/comments?post=616149"}],"version-history":[{"count":0,"href":"https:\/\/www.europesays.com\/fr\/wp-json\/wp\/v2\/posts\/616149\/revisions"}],"wp:featuredmedia":[{"embeddable":true,"href":"https:\/\/www.europesays.com\/fr\/wp-json\/wp\/v2\/media\/616150"}],"wp:attachment":[{"href":"https:\/\/www.europesays.com\/fr\/wp-json\/wp\/v2\/media?parent=616149"}],"wp:term":[{"taxonomy":"category","embeddable":true,"href":"https:\/\/www.europesays.com\/fr\/wp-json\/wp\/v2\/categories?post=616149"},{"taxonomy":"post_tag","embeddable":true,"href":"https:\/\/www.europesays.com\/fr\/wp-json\/wp\/v2\/tags?post=616149"}],"curies":[{"name":"wp","href":"https:\/\/api.w.org\/{rel}","templated":true}]}}