{"id":616165,"date":"2025-12-22T16:48:19","date_gmt":"2025-12-22T16:48:19","guid":{"rendered":"https:\/\/www.europesays.com\/fr\/616165\/"},"modified":"2025-12-22T16:48:19","modified_gmt":"2025-12-22T16:48:19","slug":"pour-proteger-son-mari-elle-cache-le-cadavre-de-sa-fille-dans-un-congelateur-pendant-20-ans","status":"publish","type":"post","link":"https:\/\/www.europesays.com\/fr\/616165\/","title":{"rendered":"Pour prot\u00e9ger son mari, elle cache le cadavre de sa fille dans un cong\u00e9lateur pendant 20 ans"},"content":{"rendered":"<p>Au <a href=\"https:\/\/www.20minutes.fr\/dossier\/japon\" class=\"c-link c-link--is-underlined\" target=\"_blank\" rel=\"noopener\">Japon<\/a>, une femme de 76 ans a \u00e9t\u00e9 condamn\u00e9e jeudi \u00e0 un an de prison avec sursis pour avoir commis \u00ab\u00a0un crime odieux\u00a0\u00bb, comme l\u2019a qualifi\u00e9 le tribunal. Pendant pr\u00e8s de vingt ans, elle a <a href=\"https:\/\/www.20minutes.fr\/monde\/4175236-20250925-japon-femme-conserve-corps-fille-congelateur-pendant-vingt-ans\" class=\"c-link c-link--is-underlined\" target=\"_blank\" rel=\"noopener\">conserv\u00e9 le cadavre\u00a0de sa fille dans un placard puis dans un cong\u00e9lateur<\/a>, rapporte <a href=\"https:\/\/www.independent.co.uk\/asia\/japan\/japan-mother-hiding-body-freezer-jail-b2887538.html\" target=\"_blank\" class=\"c-link c-link--is-underlined\" rel=\"noopener\">The Independent<\/a>. Elle voulait prot\u00e9ger son mari, d\u00e9c\u00e9d\u00e9 en septembre.<\/p>\n<p>C\u2019est en effet son \u00e9poux qui a tu\u00e9 leur fille en\u00a02005 alors qu\u2019elle \u00e9tait \u00e2g\u00e9e de 29 ans. Selon nos confr\u00e8res, l\u2019homme avait \u00e0 l\u2019\u00e9poque l\u2019intention de se d\u00e9noncer mais son \u00e9pouse l\u2019en a dissuad\u00e9. Elle a cach\u00e9 le cadavre dans un placard puis l\u2019a rapidement d\u00e9plac\u00e9\u00a0dans un cong\u00e9lateur \u00e0 cause de l\u2019odeur insoutenable qui avait envahi la maison.<\/p>\n<p>Elle avoue tout \u00e0 la mort de son mari<\/p>\n<p>La septuag\u00e9naire a tout avou\u00e9 \u00e0 la police\u00a0en septembre. Elle a\u00a0signal\u00e9 aux agents qu\u2019elle avait conserv\u00e9 un corps dans son cong\u00e9lateur et \u00ab\u00a0qu\u2019il s\u2019agissait de sa fille\u00a0\u00bb n\u00e9e en\u00a01975. Chez elle, les enqu\u00eateurs ont retrouv\u00e9 le cadavre recroquevill\u00e9 d\u2019une femme, v\u00eatue d\u2019un tee-shirt et de sous-v\u00eatements dans le cong\u00e9lateur. \u00ab\u00a0Le corps \u00e9tait en \u00e9tat de d\u00e9composition avanc\u00e9e\u00a0\u00bb, avait indiqu\u00e9 la police.<\/p>\n<\/p>\n<p>La femme avait \u00e9t\u00e9\u00a0arr\u00eat\u00e9e pour suspicion d\u2019abandon de corps, puis plac\u00e9e en garde \u00e0 vue et inculp\u00e9e de dissimulation de cadavre. D\u2019apr\u00e8s les m\u00e9dias locaux, le tribunal a pris en compte son t\u00e9moignage avant de rendre son verdict. La Japonaise avait affirm\u00e9 que sa fille luttait contre\u00a0une addiction \u00e0 des stup\u00e9fiants et qu\u2019elle\u00a0avait \u00e9t\u00e9 \u00ab\u00a0physiquement violente envers ses parents\u00a0\u00bb.<\/p>\n","protected":false},"excerpt":{"rendered":"Au Japon, une femme de 76 ans a \u00e9t\u00e9 condamn\u00e9e jeudi \u00e0 un an de prison avec sursis&hellip;\n","protected":false},"author":2,"featured_media":616166,"comment_status":"","ping_status":"","sticky":false,"template":"","format":"standard","meta":{"footnotes":""},"categories":[5],"tags":[47,11,847,118,1011,27,14,2070,303,777,74,12,3306,28],"class_list":{"0":"post-616165","1":"post","2":"type-post","3":"status-publish","4":"format-standard","5":"has-post-thumbnail","7":"category-international","8":"tag-actualite","9":"tag-actualites","10":"tag-enfant","11":"tag-faits-divers","12":"tag-fr","13":"tag-france","14":"tag-international","15":"tag-japon","16":"tag-justice","17":"tag-meurtre","18":"tag-monde","19":"tag-news","20":"tag-parents","21":"tag-world"},"share_on_mastodon":{"url":"https:\/\/pubeurope.com\/@fr\/115764245752609023","error":""},"_links":{"self":[{"href":"https:\/\/www.europesays.com\/fr\/wp-json\/wp\/v2\/posts\/616165","targetHints":{"allow":["GET"]}}],"collection":[{"href":"https:\/\/www.europesays.com\/fr\/wp-json\/wp\/v2\/posts"}],"about":[{"href":"https:\/\/www.europesays.com\/fr\/wp-json\/wp\/v2\/types\/post"}],"author":[{"embeddable":true,"href":"https:\/\/www.europesays.com\/fr\/wp-json\/wp\/v2\/users\/2"}],"replies":[{"embeddable":true,"href":"https:\/\/www.europesays.com\/fr\/wp-json\/wp\/v2\/comments?post=616165"}],"version-history":[{"count":0,"href":"https:\/\/www.europesays.com\/fr\/wp-json\/wp\/v2\/posts\/616165\/revisions"}],"wp:featuredmedia":[{"embeddable":true,"href":"https:\/\/www.europesays.com\/fr\/wp-json\/wp\/v2\/media\/616166"}],"wp:attachment":[{"href":"https:\/\/www.europesays.com\/fr\/wp-json\/wp\/v2\/media?parent=616165"}],"wp:term":[{"taxonomy":"category","embeddable":true,"href":"https:\/\/www.europesays.com\/fr\/wp-json\/wp\/v2\/categories?post=616165"},{"taxonomy":"post_tag","embeddable":true,"href":"https:\/\/www.europesays.com\/fr\/wp-json\/wp\/v2\/tags?post=616165"}],"curies":[{"name":"wp","href":"https:\/\/api.w.org\/{rel}","templated":true}]}}