{"id":616171,"date":"2025-12-22T16:52:18","date_gmt":"2025-12-22T16:52:18","guid":{"rendered":"https:\/\/www.europesays.com\/fr\/616171\/"},"modified":"2025-12-22T16:52:18","modified_gmt":"2025-12-22T16:52:18","slug":"marc-chassaubene-devrait-annoncer-sa-candidature-ce-mardi","status":"publish","type":"post","link":"https:\/\/www.europesays.com\/fr\/616171\/","title":{"rendered":"Marc Chassaub\u00e9n\u00e9 devrait annoncer sa candidature ce mardi"},"content":{"rendered":"<p>Il \u00e9tait adjoint en charge de la culture et du design \u00e0 la mairie depuis le d\u00e9but du premier mandat de <a href=\"https:\/\/www.leprogres.fr\/p\/gael-perdriau\" target=\"_blank\" rel=\"noopener\">Ga\u00ebl Perdriau<\/a>, en 2014. Et vice-pr\u00e9sident de Saint-\u00c9tienne M\u00e9tropole depuis la m\u00eame date et avec les m\u00eames d\u00e9l\u00e9gations.<\/p>\n<p>S\u2019il a perdu son poste m\u00e9tropolitain mercredi dernier, <a href=\"https:\/\/www.leprogres.fr\/p\/marc-chassaubene\" target=\"_blank\" rel=\"noopener\">Marc Chassaub\u00e9n\u00e9<\/a> est en revanche devenu, le 11\u00a0d\u00e9cembre, <a href=\"https:\/\/www.leprogres.fr\/politique\/2025\/12\/11\/suivez-en-direct-l-election-du-nouveau-maire-de-saint-etienne\" target=\"_blank\" rel=\"noopener\">premier adjoint du nouveau maire, Jean-Pierre Berger<\/a>.<\/p>\n<p>S\u2019il a tent\u00e9 de faire bonne figure, cet ind\u00e9fectible soutien de l\u2019ancien maire a eu du mal \u00e0 avaler la pilule, lui qui visait clairement le fauteuil de premier magistrat pour les trois derniers mois de ce mandat chaotique marqu\u00e9 par l\u2019affaire du chantage \u00e0 la sextape. Et il se murmure tr\u00e8s fort qu\u2019il a bien l\u2019intention de se rattraper\u2026<\/p>\n<p>  Perp\u00e9tuer l\u2019h\u00e9ritage de son mentor<\/p>\n<p>Depuis les ennuis judiciaires de Ga\u00ebl Perdriau, et plus encore depuis sa condamnation, le 1er d\u00e9cembre, \u00e0 cinq ans de prison (dont quatre ferme) et cinq ans d\u2019in\u00e9ligibilit\u00e9, Marc Chassaub\u00e9n\u00e9, fid\u00e8le parmi les fid\u00e8les, est fortement pressenti pour \u00eatre celui qui sera charg\u00e9 de tenter de perp\u00e9tuer l\u2019h\u00e9ritage de son mentor en politique.<\/p>\n<p>On a appris ce lundi que le premier adjoint tiendra une conf\u00e9rence de presse ce mardi matin, dans un caf\u00e9 de la place Jean-Jaur\u00e8s. Si rien n\u2019a fuit\u00e9, il est fort probable que ce soit pour annoncer qu\u2019il briguera bien la mairie les 15 et 22\u00a0mars prochains.<\/p>\n<p>\u00c0 deux jours de No\u00ebl, la surprise ne serait pas immense.<\/p>\n","protected":false},"excerpt":{"rendered":"Il \u00e9tait adjoint en charge de la culture et du design \u00e0 la mairie depuis le d\u00e9but du&hellip;\n","protected":false},"author":2,"featured_media":616172,"comment_status":"","ping_status":"","sticky":false,"template":"","format":"standard","meta":{"footnotes":""},"categories":[9653],"tags":[1111,11,2430,7539,4188,1777,674,107,1011,27,3367,12,316,25,4001,7538],"class_list":{"0":"post-616171","1":"post","2":"type-post","3":"status-publish","4":"format-standard","5":"has-post-thumbnail","7":"category-saint-etienne","8":"tag-actu","9":"tag-actualites","10":"tag-auvergne-rhone-alpes","11":"tag-edition-loire-sud","12":"tag-elections-municipales","13":"tag-eu","14":"tag-europe","15":"tag-fil-info","16":"tag-fr","17":"tag-france","18":"tag-loire","19":"tag-news","20":"tag-politique","21":"tag-republique-francaise","22":"tag-saint-etienne","23":"tag-saint-etienne-ville"},"share_on_mastodon":{"url":"https:\/\/pubeurope.com\/@fr\/115764261396932563","error":""},"_links":{"self":[{"href":"https:\/\/www.europesays.com\/fr\/wp-json\/wp\/v2\/posts\/616171","targetHints":{"allow":["GET"]}}],"collection":[{"href":"https:\/\/www.europesays.com\/fr\/wp-json\/wp\/v2\/posts"}],"about":[{"href":"https:\/\/www.europesays.com\/fr\/wp-json\/wp\/v2\/types\/post"}],"author":[{"embeddable":true,"href":"https:\/\/www.europesays.com\/fr\/wp-json\/wp\/v2\/users\/2"}],"replies":[{"embeddable":true,"href":"https:\/\/www.europesays.com\/fr\/wp-json\/wp\/v2\/comments?post=616171"}],"version-history":[{"count":0,"href":"https:\/\/www.europesays.com\/fr\/wp-json\/wp\/v2\/posts\/616171\/revisions"}],"wp:featuredmedia":[{"embeddable":true,"href":"https:\/\/www.europesays.com\/fr\/wp-json\/wp\/v2\/media\/616172"}],"wp:attachment":[{"href":"https:\/\/www.europesays.com\/fr\/wp-json\/wp\/v2\/media?parent=616171"}],"wp:term":[{"taxonomy":"category","embeddable":true,"href":"https:\/\/www.europesays.com\/fr\/wp-json\/wp\/v2\/categories?post=616171"},{"taxonomy":"post_tag","embeddable":true,"href":"https:\/\/www.europesays.com\/fr\/wp-json\/wp\/v2\/tags?post=616171"}],"curies":[{"name":"wp","href":"https:\/\/api.w.org\/{rel}","templated":true}]}}