{"id":616179,"date":"2025-12-22T16:58:10","date_gmt":"2025-12-22T16:58:10","guid":{"rendered":"https:\/\/www.europesays.com\/fr\/616179\/"},"modified":"2025-12-22T16:58:10","modified_gmt":"2025-12-22T16:58:10","slug":"top-14-la-colere-froide-et-les-excuses-de-pierre-mignoni-apres-le-naufrage-de-toulon","status":"publish","type":"post","link":"https:\/\/www.europesays.com\/fr\/616179\/","title":{"rendered":"Top 14. La col\u00e8re froide et les excuses de Pierre Mignoni apr\u00e8s le naufrage de Toulon"},"content":{"rendered":"<p>                    Par<br \/>\n        <strong><br \/>\n            <a href=\"https:\/\/actu.fr\/auteur\/emilie-dudonfournier\" title=\"Consulter tous les articles de Emilie Dudon-Fournier\" target=\"_blank\" rel=\"noopener\">Emilie Dudon-Fournier<\/a><br \/>\n                    <\/strong><\/p>\n<p>        Publi\u00e9 le<\/p>\n<p>            22 d\u00e9c. 2025 \u00e0 15h36        <\/p>\n<p>\u00ab\u00a0Encore une fois,<strong> je suis vraiment, vraiment d\u00e9sol\u00e9<\/strong>\u00ab\u00a0. Face aux questions des journalistes dimanche soir \u00e0 l\u2019issue de la <strong>d\u00e9culott\u00e9e<\/strong> re\u00e7ue par ses joueurs sur le terrain des champions d\u2019Europe bordelais (46-7), le manager de <a href=\"https:\/\/actu.fr\/tag\/rct-rugby-club-toulonnais\" target=\"_blank\" rel=\"noopener\">Toulon<\/a> Pierre Mignoni s\u2019est dit \u00ab\u00a0d\u00e9sol\u00e9\u00a0\u00bb \u00e0 plusieurs reprises. Probablement autant pour pr\u00e9senter des excuses aux supporters varois que pour signifier son navrement face \u00e0 l<strong>\u2018indigence<\/strong> de la copie rendue par son \u00e9quipe.<\/p>\n<p>Le \u00ab\u00a0Merci, au revoir\u00a0\u00bb de Pierre Mignoni apr\u00e8s la d\u00e9faite de Toulon \u00e0 Bordeaux\u00a0<\/p>\n<p class=\" wall-content\">Ainsi que le montre cette vid\u00e9o de <a href=\"https:\/\/rmcsport.bfmtv.com\/rugby\/top-14\/video-ubb-46-7-toulon-merci-au-revoir-mignoni-depite_VN-202512220330.html\" target=\"_blank\" rel=\"noopener\">RMC<\/a>, l\u2019ancien demi de m\u00eal\u00e9e international affichait en conf\u00e9rence de presse une col\u00e8re tr\u00e8s froide alors que ses joueurs venaient de conc\u00e9der leur <strong>6e d\u00e9faite en 7 d\u00e9placements<\/strong> en <a href=\"https:\/\/actu.fr\/rugby\/top-14\" target=\"_blank\" rel=\"noopener\">Top 14.<\/a> \u00ab\u00a0Bien s\u00fbr que Bordeaux a fait un tr\u00e8s grand match et bien s\u00fbr qu\u2019on n\u2019a pas \u00e9t\u00e9 \u00e0 la hauteur. Comme lors de la demi-finale, j\u2019ai envie de dire. Donc merci, au revoir. Qu\u2019est-ce que tu veux que je te dise ?\u00a0\u00bb, a-t-il r\u00e9pondu, sans voix et sans explications, \u00e0 la premi\u00e8re question.<\/p>\n<p class=\" wall-content\"><a href=\"https:\/\/actu.fr\/rugby\/classements-resultats\" target=\"_blank\" rel=\"noopener\">Top 14 : R\u00e9sultats et classement<\/a><\/p>\n<p class=\" wall-content\">Avec 156 points encaiss\u00e9s lors de ses 3 derniers voyages, le RCT affiche la <strong>12e d\u00e9fense \u00e0 l\u2019ext\u00e9rieur<\/strong> du championnat, malgr\u00e9 sa 4e place au classement. A Chaban-Delmas, il a conc\u00e9d\u00e9 6 essais, dont le premier d\u00e8s la 2e minute de jeu, et \u00e9tait men\u00e9 27-0 \u00e0 la pause.\u00a0<\/p>\n<p class=\" wall-content\">\n<p class=\" wall-content\">\u00ab\u00a0Quand tu as des ambitions et que tu fais un match comme \u00e7a\u2026\u00a0\u00bb, a soupir\u00e9 le technicien.\u00a0 \u00ab\u00a0Moi, je r\u00e9fl\u00e9chis sur la semaine, je r\u00e9fl\u00e9chis sur le discours, je r\u00e9fl\u00e9chis sur plein de choses. Bon. Je peux simplement dire que je suis d\u00e9sol\u00e9. Parce que Toulon ne m\u00e9rite pas cette image-l\u00e0. <strong>On avait parl\u00e9 de notre maillot, de respect, de choses qui sont pr\u00e9cieuses.<\/strong> Force est de constater que non, ce n\u2019est pas possible\u2026\u00a0\u00bb<\/p>\n<p class=\" wall-content\">Au micro de Canal+ \u00e0 la fin du match, le 3e ligne Esteban Abadie avait \u00e9voqu\u00e9 une \u00e9quipe \u00e0 2 visages : \u00ab Il y a deux \u00e9quipes de Toulon, une \u00e0 domicile o\u00f9 on fait le job, et d\u00e8s qu\u2019on se d\u00e9place \u00e0 l\u2019ext\u00e9rieur, dans la difficult\u00e9, il n\u2019y a <strong>personne qui r\u00e9pond pr\u00e9sent<\/strong> et c\u2019est comme \u00e7a depuis le d\u00e9but de saison \u00e0 part le premier match. <strong>On en prend encore 50 et c\u2019est pareil un week-end sur deux.<\/strong> \u00bb<\/p>\n<p class=\" wall-content\">\n<p>Toulon : Pas \u00e0 la f\u00eate la semaine du Boxing Day<\/p>\n<p class=\" wall-content\">Son coach n\u2019a pu que partager son constat : \u00ab\u00a0Il me semble qu\u2019on avait quand m\u00eame une \u00e9quipe de qualit\u00e9 ce soir, une \u00e9quipe qui vient de battre les champions d\u2019Angleterre (victoire contre Bath 45-34 en Champions Cup, NDLR)\u2026 Vous les voyez comme moi, ces <strong>deux visages.<\/strong> Encore une fois, je suis vraiment, vraiment d\u00e9sol\u00e9\u00a0\u00bb.<\/p>\n<p class=\" wall-content\">\u00ab\u00a0On peut passer d\u2019une prestation comme celle contre Bath \u00e0 une prestation comme \u00e7a\u2026 <strong>C\u2019est notre myst\u00e8re \u00e0 nous,<\/strong> je ne sais pas quoi dire \u00e0 part que je suis d\u00e9sol\u00e9\u00a0\u00bb, l\u00e2chait Pierre Mignoni, qui aura pour mission de trouver des r\u00e9ponses ces jours-ci.<\/p>\n<p>Votre r\u00e9gion, votre actu !<\/p>\n<p>Recevez chaque jour les infos qui comptent pour vous.<\/p>\n<p>\t<a href=\"https:\/\/actu.fr\/newsletter\" class=\"ac-btn ac-btn--corner ac-btn--medium ac-btn--blue800\" target=\"_blank\" rel=\"noopener\">S&rsquo;incrire<\/a><\/p>\n<p class=\" wall-content\">Au repos ce lundi, les joueurs s\u2019entra\u00eeneront mardi, b\u00e9n\u00e9ficieront de 2 jours de repos les 24 et 25 d\u00e9cembre ainsi que le pr\u00e9voit la convention collective, puis reprendront le chemin de l\u2019entra\u00eenement vendredi avant de recevoir <strong>l\u2019Usap dimanche \u00e0 18h<\/strong>.\u00a0<\/p>\n<p class=\" wall-content\">\u00a0\u00bb On verra bien ce que je vais d\u00e9cider car l\u00e0, <strong>ce n\u2019est pas acceptable<\/strong>\u00ab\u00a0, concluait Pierre Mignoni. Les jours qui viennent promettent d\u2019\u00eatre tr\u00e8s, tr\u00e8s studieux du c\u00f4t\u00e9 de la Rade. En cette semaine am\u00e9nag\u00e9e de Boxing Day, le groupe toulonnais ne sera vraiment pas \u00e0 la f\u00eate.\u00a0<\/p>\n<p class=\" wall-content\">Personnalisez votre actualit\u00e9 en ajoutant vos villes et m\u00e9dias en favori avec <a href=\"https:\/\/moncompte.actu.fr\" title=\"D\u00e9couvez Mon Actu\" rel=\"nofollow noopener\" data-trk=\"{&quot;cta&quot;:{&quot;action&quot;:&quot;https:\\\/\\\/moncompte.actu.fr&quot;,&quot;category&quot;:&quot;mon compte&quot;,&quot;from&quot;:&quot;article footer&quot;,&quot;name&quot;:&quot;Mon actu&quot;,&quot;type&quot;:&quot;cta&quot;}}\" target=\"_blank\">Mon Actu<\/a>.<\/p>\n","protected":false},"excerpt":{"rendered":"Par Emilie Dudon-Fournier Publi\u00e9 le 22 d\u00e9c. 2025 \u00e0 15h36 \u00ab\u00a0Encore une fois, je suis vraiment, vraiment d\u00e9sol\u00e9\u00ab\u00a0.&hellip;\n","protected":false},"author":2,"featured_media":616180,"comment_status":"","ping_status":"","sticky":false,"template":"","format":"standard","meta":{"footnotes":""},"categories":[9619],"tags":[1111,11,1777,674,1011,27,12,882,6717,25,479,60,478,2310],"class_list":{"0":"post-616179","1":"post","2":"type-post","3":"status-publish","4":"format-standard","5":"has-post-thumbnail","7":"category-toulon","8":"tag-actu","9":"tag-actualites","10":"tag-eu","11":"tag-europe","12":"tag-fr","13":"tag-france","14":"tag-news","15":"tag-provence-alpes-cote-dazur","16":"tag-rct-rugby-club-toulonnais","17":"tag-republique-francaise","18":"tag-rugby","19":"tag-sports","20":"tag-top-14","21":"tag-toulon"},"share_on_mastodon":{"url":"https:\/\/pubeurope.com\/@fr\/115764284931243291","error":""},"_links":{"self":[{"href":"https:\/\/www.europesays.com\/fr\/wp-json\/wp\/v2\/posts\/616179","targetHints":{"allow":["GET"]}}],"collection":[{"href":"https:\/\/www.europesays.com\/fr\/wp-json\/wp\/v2\/posts"}],"about":[{"href":"https:\/\/www.europesays.com\/fr\/wp-json\/wp\/v2\/types\/post"}],"author":[{"embeddable":true,"href":"https:\/\/www.europesays.com\/fr\/wp-json\/wp\/v2\/users\/2"}],"replies":[{"embeddable":true,"href":"https:\/\/www.europesays.com\/fr\/wp-json\/wp\/v2\/comments?post=616179"}],"version-history":[{"count":0,"href":"https:\/\/www.europesays.com\/fr\/wp-json\/wp\/v2\/posts\/616179\/revisions"}],"wp:featuredmedia":[{"embeddable":true,"href":"https:\/\/www.europesays.com\/fr\/wp-json\/wp\/v2\/media\/616180"}],"wp:attachment":[{"href":"https:\/\/www.europesays.com\/fr\/wp-json\/wp\/v2\/media?parent=616179"}],"wp:term":[{"taxonomy":"category","embeddable":true,"href":"https:\/\/www.europesays.com\/fr\/wp-json\/wp\/v2\/categories?post=616179"},{"taxonomy":"post_tag","embeddable":true,"href":"https:\/\/www.europesays.com\/fr\/wp-json\/wp\/v2\/tags?post=616179"}],"curies":[{"name":"wp","href":"https:\/\/api.w.org\/{rel}","templated":true}]}}