{"id":616189,"date":"2025-12-22T17:04:11","date_gmt":"2025-12-22T17:04:11","guid":{"rendered":"https:\/\/www.europesays.com\/fr\/616189\/"},"modified":"2025-12-22T17:04:11","modified_gmt":"2025-12-22T17:04:11","slug":"revelations-sur-un-narcotrafic-international-via-les-ports-du-havre-et-rouen","status":"publish","type":"post","link":"https:\/\/www.europesays.com\/fr\/616189\/","title":{"rendered":"r\u00e9v\u00e9lations sur un narcotrafic international via les ports du\u00a0Havre et Rouen"},"content":{"rendered":"<p melodystyle=\"texte\" data-end=\"455\">Un r\u00e9seau de narcotrafic international qui utilisait les ports du\u00a0Havre et de Rouen comme portes d&rsquo;entr\u00e9e de stup\u00e9fiants en France est tomb\u00e9. Le parquet de Lille l&rsquo;a annonc\u00e9 ce lundi 22\u00a0d\u00e9cembre. Il a fallu pr\u00e8s de trois ans aux enqu\u00eateurs pour, patiemment, remonter les fili\u00e8res.<\/p>\n<p melodystyle=\"texte\" data-end=\"932\">Tout commence en mars\u00a02022. La division de la criminalit\u00e9 organis\u00e9e et sp\u00e9cialis\u00e9e (DCOS) du service interd\u00e9partemental de police judiciaire (SIPJ) de Rouen ouvre une enqu\u00eate pr\u00e9liminaire sur des faits d&rsquo;importation et de revente de cannabis et de coca\u00efne dans l&rsquo;agglom\u00e9ration rouennaise. Tr\u00e8s vite, les investigations r\u00e9v\u00e8lent une organisation structur\u00e9e, bien au-del\u00e0 d&rsquo;un trafic local. Une information judiciaire est ouverte en avril\u00a02022.<\/p>\n<p>Six personnes en d\u00e9tention fin 2023<\/p>\n<p melodystyle=\"texte\" data-end=\"1309\">Face \u00e0 la dimension internationale du dossier, le magistrat instructeur rouennais se dessaisit, en septembre\u00a02022, au profit de la juridiction interr\u00e9gionale sp\u00e9cialis\u00e9e (JIRS) de Lille. Le c\u0153ur du r\u00e9seau appara\u00eet alors clairement\u00a0: des narcotrafiquants rouennais s&rsquo;appuient sur \u00ab\u00a0les informations et des services de dockers pour les sorties des conteneurs des ports du\u00a0Havre et de Moulineaux, pr\u00e8s de Rouen\u00a0\u00bb, indique le parquet de Lille.<\/p>\n<p melodystyle=\"texte\" data-end=\"1685\">Les premiers coups port\u00e9s sont significatifs. En juin\u00a02023, 183\u00a0kg de coca\u00efne sont saisis dans un conteneur arriv\u00e9 au port du\u00a0Havre. En septembre\u00a02023, les enqu\u00eateurs d\u00e9tectent plusieurs importations selon la technique du \u00ab\u00a0drop off\u00a0\u00bb\u00a0: 400\u00a0kg et une tonne de coca\u00efne ont ainsi \u00e9t\u00e9 jet\u00e9s au large et r\u00e9cup\u00e9r\u00e9s en mer par les narcotrafiquants.<\/p>\n<p melodystyle=\"texte\" data-end=\"2054\">Le 11 d\u00e9cembre 2023 marque une \u00e9tape d\u00e9cisive : une vaste op\u00e9ration d&rsquo;interpellations est men\u00e9e. Lors d&rsquo;une perquisition, 23kg de r\u00e9sine de cannabis sont d\u00e9couverts dans un box. Neuf personnes sont mises en examen, dont six plac\u00e9es en d\u00e9tention provisoire. Trois autres sont laiss\u00e9es sous contr\u00f4le judiciaire, avec une interdiction d&rsquo;exercer la profession de docker.<\/p>\n<p>Un chef de r\u00e9seau localis\u00e9 au Maroc<\/p>\n<p melodystyle=\"texte\" data-end=\"2472\">L&rsquo;enqu\u00eate se poursuit et conduit les autorit\u00e9s jusqu&rsquo;au cerveau pr\u00e9sum\u00e9 du r\u00e9seau. En 2024, celui-ci est localis\u00e9 \u00e0 Casablanca, au Maroc. Il est soup\u00e7onn\u00e9 d&rsquo;avoir orchestr\u00e9 l&rsquo;ensemble des importations, par voie maritime ou routi\u00e8re\u00a0: r\u00e9sine et herbe de cannabis depuis le Maroc, coca\u00efne depuis la Colombie, \u00e0 destination des ports du\u00a0Havre, de Rouen, mais aussi de Dunkerque. En lien avec \u00ab\u00a0d&rsquo;importants narcotrafiquants de Marseille\u00a0\u00bb, son trafic g\u00e9n\u00e9rait \u00ab\u00a0des profits de plusieurs millions d&rsquo;euros\u00a0\u00bb, chiffre le parquet.<\/p>\n<p melodystyle=\"texte\" data-end=\"2861\">Arr\u00eat\u00e9 \u00e0 Casablanca le 22\u00a0f\u00e9vrier 2025, il est remis aux autorit\u00e9s fran\u00e7aises le 23\u00a0septembre. Le lendemain, il est mis en examen pour une longue liste de chefs\u00a0: direction et organisation de groupement criminel, importation de stup\u00e9fiants en bande organis\u00e9e, blanchiment aggrav\u00e9, association de malfaiteurs, mais aussi corruption active et passive. Il est plac\u00e9 en d\u00e9tention provisoire.<\/p>\n<p>Des mouvements financiers de plusieurs millions d&rsquo;euros<\/p>\n<p melodystyle=\"texte\" data-end=\"3321\">Le d\u00e9mant\u00e8lement de ce r\u00e9seau n&rsquo;aurait pas \u00e9t\u00e9 possible sans une coop\u00e9ration internationale \u00e9troite. Gr\u00e2ce \u00e0 Europol, plusieurs services de police \u00e9trangers ont aliment\u00e9 les enqu\u00eateurs fran\u00e7ais en renseignements. Des policiers et magistrats allemands et espagnols ont particip\u00e9 \u00e0 des r\u00e9unions op\u00e9rationnelles. \u00ab\u00a0Un \u00e9l\u00e9ment cl\u00e9 a \u00e9t\u00e9 l&rsquo;exploitation de la messagerie crypt\u00e9e Sky ECC, pris\u00e9e par les trafiquants\u00a0\u00bb, pr\u00e9cise le parquet.<\/p>\n<p melodystyle=\"texte\" data-end=\"3321\">Le dossier n&rsquo;est pas clos. Les investigations se poursuivent sous l&rsquo;autorit\u00e9 du juge d&rsquo;instruction.<\/p>\n","protected":false},"excerpt":{"rendered":"Un r\u00e9seau de narcotrafic international qui utilisait les ports du\u00a0Havre et de Rouen comme portes d&rsquo;entr\u00e9e de stup\u00e9fiants&hellip;\n","protected":false},"author":2,"featured_media":616190,"comment_status":"","ping_status":"","sticky":false,"template":"","format":"standard","meta":{"footnotes":""},"categories":[9587],"tags":[1111,11,1777,674,1011,27,12,5161,25,9590],"class_list":{"0":"post-616189","1":"post","2":"type-post","3":"status-publish","4":"format-standard","5":"has-post-thumbnail","7":"category-rouen","8":"tag-actu","9":"tag-actualites","10":"tag-eu","11":"tag-europe","12":"tag-fr","13":"tag-france","14":"tag-news","15":"tag-normandie","16":"tag-republique-francaise","17":"tag-rouen"},"share_on_mastodon":{"url":"https:\/\/pubeurope.com\/@fr\/115764308561314647","error":""},"_links":{"self":[{"href":"https:\/\/www.europesays.com\/fr\/wp-json\/wp\/v2\/posts\/616189","targetHints":{"allow":["GET"]}}],"collection":[{"href":"https:\/\/www.europesays.com\/fr\/wp-json\/wp\/v2\/posts"}],"about":[{"href":"https:\/\/www.europesays.com\/fr\/wp-json\/wp\/v2\/types\/post"}],"author":[{"embeddable":true,"href":"https:\/\/www.europesays.com\/fr\/wp-json\/wp\/v2\/users\/2"}],"replies":[{"embeddable":true,"href":"https:\/\/www.europesays.com\/fr\/wp-json\/wp\/v2\/comments?post=616189"}],"version-history":[{"count":0,"href":"https:\/\/www.europesays.com\/fr\/wp-json\/wp\/v2\/posts\/616189\/revisions"}],"wp:featuredmedia":[{"embeddable":true,"href":"https:\/\/www.europesays.com\/fr\/wp-json\/wp\/v2\/media\/616190"}],"wp:attachment":[{"href":"https:\/\/www.europesays.com\/fr\/wp-json\/wp\/v2\/media?parent=616189"}],"wp:term":[{"taxonomy":"category","embeddable":true,"href":"https:\/\/www.europesays.com\/fr\/wp-json\/wp\/v2\/categories?post=616189"},{"taxonomy":"post_tag","embeddable":true,"href":"https:\/\/www.europesays.com\/fr\/wp-json\/wp\/v2\/tags?post=616189"}],"curies":[{"name":"wp","href":"https:\/\/api.w.org\/{rel}","templated":true}]}}