{"id":616193,"date":"2025-12-22T17:06:18","date_gmt":"2025-12-22T17:06:18","guid":{"rendered":"https:\/\/www.europesays.com\/fr\/616193\/"},"modified":"2025-12-22T17:06:18","modified_gmt":"2025-12-22T17:06:18","slug":"transferts-pro-d2-top-14-forletta-proche-de-lusap-monribot-du-staff-de-bayonne-ca-bouge-a-grenoble-les-dernieres-indiscretions","status":"publish","type":"post","link":"https:\/\/www.europesays.com\/fr\/616193\/","title":{"rendered":"Transferts &#8211; Pro D2 &#8211; Top 14. Forletta proche de l&rsquo;Usap, Monribot du staff de Bayonne, \u00e7a bouge \u00e0 Grenoble&#8230; Les derni\u00e8res indiscr\u00e9tions"},"content":{"rendered":"<p>\n                Alors que Jean Monribot pourrait prochainement renforcer le staff de l&rsquo;Aviron bayonnais, la direction de Grenoble r\u00e9fl\u00e9chit \u00e0 des modifications autour de l&rsquo;\u00e9quipe de Jeff Dubois. A Perpignan, un joueur pourrait faire son grand retour la saison prochaine.\u00a0\n            <\/p>\n<p>Monribot proche d\u2019int\u00e9grer le staff&#8230;<\/p>\n<p>Samedi apr\u00e8s-midi, l\u2019Aviron bayonnais a sombr\u00e9 \u00e0 La Rochelle. Une nouvelle fois. Depuis le d\u00e9but de la saison, \u00e0 part la victoire \u00e0 Perpignan lors de la premi\u00e8re journ\u00e9e, le club basque n\u2019a pris que des claques en d\u00e9placement avec au moins 40 points au compteur. Ce constat qui se r\u00e9p\u00e8te et cette incapacit\u00e9 \u00e0 performer loin de Jean Dauger interpellent. Et agace au plus haut point l\u2019\u00e9tat-major ciel et blanc.<\/p>\n<p>Particuli\u00e8rement remont\u00e9e par les claques qui s\u2019encha\u00eenent \u00e0 l\u2019ext\u00e9rieur, la direction du club basque pourrait, d\u2019ici peu, amener des modifications dans le staff. Absolument rien n\u2019est act\u00e9, mais la situation pourrait \u00e9voluer dans les tout prochains jours, peut-\u00eatre apr\u00e8s le match contre Paris. L\u2019entra\u00eeneur de la touche, St\u00e9phane Barberena, dont le contrat se termine au mois de juin prochain, et avec qui aucune discussion n\u2019a \u00e9t\u00e9 entam\u00e9e pour une \u00e9ventuelle prolongation, semble particuli\u00e8rement menac\u00e9.<\/p>\n<p>Le nom de Jean Monribot revient avec insistance pour int\u00e9grer le staff de l\u2019\u00e9quipe premi\u00e8re. L\u2019ancien troisi\u00e8me ligne et capitaine de l\u2019Aviron bayonnais s\u2019occupe actuellement des espoirs ciel et blanc. Il pourrait conna\u00eetre une promotion. Les dirigeants du Stade montois, en qu\u00eate d\u2019un entra\u00eeneur pour g\u00e9rer la touche landaise, l\u2019ont approch\u00e9 et il a \u00e9t\u00e9 re\u00e7u en d\u00e9but de semaine dans les Landes. Il n\u2019a pas donn\u00e9 suite \u00e0 leur proposition. Pour accepter un poste dans le staff de Gr\u00e9gory Patat ?\u00a0<\/p>\n<p>Forletta d&rsquo;un retour&#8230;\u00a0<\/p>\n<p>Apr\u00e8s le All Black Sevu Reece, l\u2019Usap est en passe d\u2019obtenir une deuxi\u00e8me signature en vue de la saison prochaine. Et pas des moindres, l\u00e0 aussi. Selon nos informations, le club catalan est en effet en contacts avanc\u00e9s avec le pilier gauche international Enzo Forletta (31 ans, 2 s\u00e9lections), qui arrive au terme de son engagement avec Montpellier. Le MHR souhaitait conserver son num\u00e9ro un, align\u00e9 \u00e0 dix reprises cette saison, mais le club catalan se serait montr\u00e9 plus convaincant et peut se montrer optimiste sur le d\u00e9nouement de ce dossier. Le produit de l\u2019\u00c9toile sportive catalane, qui compte 136 matchs de Top 14, avait quitt\u00e9 Aim\u00e9-Giral \u00e0 l\u2019\u00e9t\u00e9 2020.<\/p>\n<p>\u00c7a s&rsquo;active \u00e0 Grenoble<\/p>\n<p>Comme annonc\u00e9 par le pr\u00e9sident Patrick Goffi dans nos colonnes la semaine derni\u00e8re,\u00a0\u00ab\u00a0quel que soit le r\u00e9sultat contre Dax, il y aura des modifications, c\u2019est certain\u00a0\u00bb. Ainsi, d\u00e8s le premier janvier, un nouveau staff sera mis en place, l\u2019ultime inconnue r\u00e9sidant dans l\u2019avenir de Patrick P\u00e9zery, dont le conseil est entr\u00e9 en n\u00e9gociations avec le club depuis quelques jours, sans parvenir pour l\u2019instant \u00e0 un accord. Ce n\u2019est qu\u2019une fois ce cas r\u00e9gl\u00e9 que l\u2019arriv\u00e9e de l\u2019ancien manager de B\u00e9ziers Pierre Caillet pourra \u00eatre officialis\u00e9e. En revanche, selon nos informations, le Matheysin d\u2019origine ne devrait pas pouvoir travailler \u00e0 temps plein \u00e0 Grenoble d\u00e8s le d\u00e9but de l\u2019ann\u00e9e, pour des raisons personnelles. Voil\u00e0 pourquoi, afin de le seconder, le club is\u00e9rois devrait aussi annoncer dans les prochains jours la signature de J\u00e9r\u00f4me Villegas pour intervenir aupr\u00e8s du groupe professionnel sur les secteurs de la touche, de la m\u00eal\u00e9e et des attitudes au contact. Savoyard d\u2019origine \u00e9tabli en Australie depuis 17 ans, il a coach\u00e9 plusieurs clubs de la province de Canberra. Une fois Pierre Caillet arriv\u00e9 \u00e0 temps plein, Villegas (qui \u00e9tait dans les tribunes du stade des Alpes vendredi soir) devrait par la suite basculer sur des missions transversales au sein du club tandis que Jeff Dubois conservera, quant \u00e0 lui, le r\u00f4le de coach des trois-quarts et de manager de l\u2019\u00e9quipe professionnelle.<\/p>\n","protected":false},"excerpt":{"rendered":"Alors que Jean Monribot pourrait prochainement renforcer le staff de l&rsquo;Aviron bayonnais, la direction de Grenoble r\u00e9fl\u00e9chit \u00e0&hellip;\n","protected":false},"author":2,"featured_media":616194,"comment_status":"","ping_status":"","sticky":false,"template":"","format":"standard","meta":{"footnotes":""},"categories":[9566],"tags":[1111,11,2430,1777,674,1011,27,2731,12,25,10662],"class_list":{"0":"post-616193","1":"post","2":"type-post","3":"status-publish","4":"format-standard","5":"has-post-thumbnail","7":"category-grenoble","8":"tag-actu","9":"tag-actualites","10":"tag-auvergne-rhone-alpes","11":"tag-eu","12":"tag-europe","13":"tag-fr","14":"tag-france","15":"tag-grenoble","16":"tag-news","17":"tag-republique-francaise","18":"tag-transferts"},"share_on_mastodon":{"url":"https:\/\/pubeurope.com\/@fr\/115764317019658899","error":""},"_links":{"self":[{"href":"https:\/\/www.europesays.com\/fr\/wp-json\/wp\/v2\/posts\/616193","targetHints":{"allow":["GET"]}}],"collection":[{"href":"https:\/\/www.europesays.com\/fr\/wp-json\/wp\/v2\/posts"}],"about":[{"href":"https:\/\/www.europesays.com\/fr\/wp-json\/wp\/v2\/types\/post"}],"author":[{"embeddable":true,"href":"https:\/\/www.europesays.com\/fr\/wp-json\/wp\/v2\/users\/2"}],"replies":[{"embeddable":true,"href":"https:\/\/www.europesays.com\/fr\/wp-json\/wp\/v2\/comments?post=616193"}],"version-history":[{"count":0,"href":"https:\/\/www.europesays.com\/fr\/wp-json\/wp\/v2\/posts\/616193\/revisions"}],"wp:featuredmedia":[{"embeddable":true,"href":"https:\/\/www.europesays.com\/fr\/wp-json\/wp\/v2\/media\/616194"}],"wp:attachment":[{"href":"https:\/\/www.europesays.com\/fr\/wp-json\/wp\/v2\/media?parent=616193"}],"wp:term":[{"taxonomy":"category","embeddable":true,"href":"https:\/\/www.europesays.com\/fr\/wp-json\/wp\/v2\/categories?post=616193"},{"taxonomy":"post_tag","embeddable":true,"href":"https:\/\/www.europesays.com\/fr\/wp-json\/wp\/v2\/tags?post=616193"}],"curies":[{"name":"wp","href":"https:\/\/api.w.org\/{rel}","templated":true}]}}