{"id":616195,"date":"2025-12-22T17:07:16","date_gmt":"2025-12-22T17:07:16","guid":{"rendered":"https:\/\/www.europesays.com\/fr\/616195\/"},"modified":"2025-12-22T17:07:16","modified_gmt":"2025-12-22T17:07:16","slug":"le-rn-attaque-le-president-du-departement-qui-le-renvoie-dans-les-cordes","status":"publish","type":"post","link":"https:\/\/www.europesays.com\/fr\/616195\/","title":{"rendered":"le RN attaque le pr\u00e9sident du D\u00e9partement&#8230; Qui le renvoie dans les cordes"},"content":{"rendered":"<p>                    Par<br \/>\n        <strong><br \/>\n            <a href=\"https:\/\/actu.fr\/auteur\/manuel-rodriguez\" title=\"Consulter tous les articles de Manuel Rodriguez\" target=\"_blank\" rel=\"noopener\">Manuel Rodriguez<\/a><br \/>\n                    <\/strong><\/p>\n<p>        Publi\u00e9 le<\/p>\n<p>            22 d\u00e9c. 2025 \u00e0 17h17        <\/p>\n<p>C\u2019est une courte lettre accusatrice que le d\u00e9put\u00e9 europ\u00e9en <b>Rassemblement national Gilles Pennelle <\/b>a fait parvenir au pr\u00e9sident du conseil d\u00e9partemental d\u2019Ille-et-Vilaine, <b>Jean-Luc Chenut,<\/b> et \u00e0 la presse, vendredi 19 d\u00e9cembre.<\/p>\n<p class=\" wall-content\">Le <b>d\u00e9put\u00e9 europ\u00e9en <\/b>accuse le pr\u00e9sident du conseil d\u00e9partemental d\u2019Ille-et-Vilaine <b>\u00ab\u00a0\u2009d\u2019\u00eatre intervenu personnellement\u2009\u00a0\u00bb <\/b>afin qu\u2019il ne soit pas invit\u00e9 \u00e0 la c\u00e9r\u00e9monie de la Sainte-Barbe du centre d\u2019incendie et de secours de Val-Couesnon (Ille-et-Vilaine), le 6 d\u00e9cembre dernier.<\/p>\n<p>\u00ab\u00a0Attitude sectaire\u00a0\u00bb<\/p>\n<p class=\" wall-content\">\u00ab\u00a0\u2009Cette attitude sectaire de votre part a suscit\u00e9 dans la commune une large r\u00e9probation\u2009\u00a0\u00bb, assure le proche de Marine Le\u00a0Pen. \u00ab\u00a0\u2009\u00c0 quel titre un parlementaire et conseiller r\u00e9gional devrait-il \u00eatre \u00e9cart\u00e9 de cette c\u00e9r\u00e9monie\u2009?\u2009\u00a0\u00bb<\/p>\n<p class=\" wall-content\">Le d\u00e9put\u00e9 fait part de \u00ab\u00a0\u2009sa condamnation la plus ferme\u2009\u00a0\u00bb vis-\u00e0-vis d\u2019une d\u00e9cision jug\u00e9e \u00ab\u00a0\u2009incompatible avec les traditions r\u00e9publicaines.\u2009\u00a0\u00bb<\/p>\n<p>    <img   decoding=\"async\" loading=\"lazy\" class=\"size-large\" src=\"https:\/\/www.europesays.com\/fr\/wp-content\/uploads\/2025\/12\/0160a6b4d1466d460a6b4d146a860av-1-960x640.jpg\" alt=\"Gilles Pennelle.\" width=\"960\" height=\"640\"\/><br \/>\n    Gilles Pennelle, d\u00e9put\u00e9 europ\u00e9en du Rassemblement national. \u00a9Chronique r\u00e9publicaine\u00ab\u00a0A quel titre peut-il revendiquer une d\u00e9rogation ?\u00a0\u00bb<\/p>\n<p class=\" wall-content\">Jean-Luc Chenut explique avoir pris connaissance \u00ab\u00a0avec stupeur et indignation\u00a0\u00bb des \u00ab\u00a0<b>graves all\u00e9gations<\/b>\u00a0\u00bb de Gilles Pennelle.<\/p>\n<p>Vid\u00e9os : en ce moment sur Actu<\/p>\n<p class=\" wall-content\">Le pr\u00e9sident du D\u00e9partement rappelle que \u00ab\u00a0le <b>protocole <\/b>et le p\u00e9rim\u00e8tre des invitations sont strictement identiques pour les pr\u00e8s de 80 c\u00e9r\u00e9monies qui se sont tenues cette ann\u00e9e\u00a0\u00bb.<\/p>\n<p class=\" wall-content\">A savoir que \u00ab\u00a0les <b>\u00e9lus r\u00e9gionaux ainsi que les d\u00e9put\u00e9s europ\u00e9ens ne sont pas int\u00e9gr\u00e9s <\/b>dans ce p\u00e9rim\u00e8tre, leurs mandats n\u2019\u00e9tant pas territorialis\u00e9s par rapport aux centres de secours et \u00e0 leurs territoires d\u2019\u00e9lection.\u00a0\u00bb\u00a0<\/p>\n<p>Votre r\u00e9gion, votre actu !<\/p>\n<p>Recevez chaque jour les infos qui comptent pour vous.<\/p>\n<p>\t<a href=\"https:\/\/actu.fr\/newsletter\" class=\"ac-btn ac-btn--corner ac-btn--medium ac-btn--blue800\" target=\"_blank\" rel=\"noopener\">S&rsquo;incrire<\/a><\/p>\n<p class=\" wall-content\">Il pr\u00e9cise que \u00ab\u00a0le directeur d\u00e9partemental du SDIS d\u2019Ille-et-Vilaine est le garant du bon <b>respect des r\u00e8gles en vigueur<\/b>\u00ab\u00a0.<\/p>\n<p class=\" wall-content\">Et de conclure :<\/p>\n<blockquote class=\"ac-article-quote wall-content\">\n<p>A quel titre Monsieur Pennelle peut- il revendiquer une d\u00e9rogation \u00e0 la r\u00e8gle commune ? Les sapeurs-pompiers d\u2019Ille-et-Vilaine m\u00e9ritent mieux que ces pol\u00e9miques et r\u00e9cup\u00e9rations politiciennes sans aucun fondement.<\/p>\n<p>Jean-Luc Chenut, pr\u00e9sident du Conseil d\u00e9partemental d\u2019Ille-et-Vilaine<\/p><\/blockquote>\n<p class=\" wall-content\">Personnalisez votre actualit\u00e9 en ajoutant vos villes et m\u00e9dias en favori avec <a href=\"https:\/\/moncompte.actu.fr\" title=\"D\u00e9couvez Mon Actu\" rel=\"nofollow noopener\" data-trk=\"{&quot;cta&quot;:{&quot;action&quot;:&quot;https:\\\/\\\/moncompte.actu.fr&quot;,&quot;category&quot;:&quot;mon compte&quot;,&quot;from&quot;:&quot;article footer&quot;,&quot;name&quot;:&quot;Mon actu&quot;,&quot;type&quot;:&quot;cta&quot;}}\" target=\"_blank\">Mon Actu<\/a>.<\/p>\n","protected":false},"excerpt":{"rendered":"Par Manuel Rodriguez Publi\u00e9 le 22 d\u00e9c. 2025 \u00e0 17h17 C\u2019est une courte lettre accusatrice que le d\u00e9put\u00e9&hellip;\n","protected":false},"author":2,"featured_media":616196,"comment_status":"","ping_status":"","sticky":false,"template":"","format":"standard","meta":{"footnotes":""},"categories":[2821],"tags":[1111,11,829,1777,674,1011,27,12,316,1311,2556,584,25],"class_list":{"0":"post-616195","1":"post","2":"type-post","3":"status-publish","4":"format-standard","5":"has-post-thumbnail","7":"category-rennes","8":"tag-actu","9":"tag-actualites","10":"tag-bretagne","11":"tag-eu","12":"tag-europe","13":"tag-fr","14":"tag-france","15":"tag-news","16":"tag-politique","17":"tag-pompiers","18":"tag-rassemblement-national-rn","19":"tag-rennes","20":"tag-republique-francaise"},"share_on_mastodon":{"url":"https:\/\/pubeurope.com\/@fr\/115764320808362986","error":""},"_links":{"self":[{"href":"https:\/\/www.europesays.com\/fr\/wp-json\/wp\/v2\/posts\/616195","targetHints":{"allow":["GET"]}}],"collection":[{"href":"https:\/\/www.europesays.com\/fr\/wp-json\/wp\/v2\/posts"}],"about":[{"href":"https:\/\/www.europesays.com\/fr\/wp-json\/wp\/v2\/types\/post"}],"author":[{"embeddable":true,"href":"https:\/\/www.europesays.com\/fr\/wp-json\/wp\/v2\/users\/2"}],"replies":[{"embeddable":true,"href":"https:\/\/www.europesays.com\/fr\/wp-json\/wp\/v2\/comments?post=616195"}],"version-history":[{"count":0,"href":"https:\/\/www.europesays.com\/fr\/wp-json\/wp\/v2\/posts\/616195\/revisions"}],"wp:featuredmedia":[{"embeddable":true,"href":"https:\/\/www.europesays.com\/fr\/wp-json\/wp\/v2\/media\/616196"}],"wp:attachment":[{"href":"https:\/\/www.europesays.com\/fr\/wp-json\/wp\/v2\/media?parent=616195"}],"wp:term":[{"taxonomy":"category","embeddable":true,"href":"https:\/\/www.europesays.com\/fr\/wp-json\/wp\/v2\/categories?post=616195"},{"taxonomy":"post_tag","embeddable":true,"href":"https:\/\/www.europesays.com\/fr\/wp-json\/wp\/v2\/tags?post=616195"}],"curies":[{"name":"wp","href":"https:\/\/api.w.org\/{rel}","templated":true}]}}