{"id":616197,"date":"2025-12-22T17:08:12","date_gmt":"2025-12-22T17:08:12","guid":{"rendered":"https:\/\/www.europesays.com\/fr\/616197\/"},"modified":"2025-12-22T17:08:12","modified_gmt":"2025-12-22T17:08:12","slug":"cuisine-francaise-italienne-et-japonaise-decryptage-des-nouveaux-restaurants-tendance-a-rennes","status":"publish","type":"post","link":"https:\/\/www.europesays.com\/fr\/616197\/","title":{"rendered":"Cuisine fran\u00e7aise, italienne et japonaise : d\u00e9cryptage des nouveaux restaurants tendance \u00e0 Rennes"},"content":{"rendered":"<p>Abonn\u00e9s<\/p>\n<p>            \u00ab\u00a0Les brasseries ne sont plus dans l\u2019air du temps\u00a0\u00bb\u00a0: quels sont ces nouveaux restaurants qui tirent leur \u00e9pingle du jeu \u00e0 Rennes\u00a0?<\/p>\n<p class=\"tlg-lead tlg-p1\">Bouillons, street-food japonaise, italienne\u2026 Les nouveaux concepts se multiplient \u00e0 Rennes. Dans un contexte de quasi saturation de la restauration rennaise, ces restos innovants tirent leur \u00e9pingle du jeu. Reste \u00e0 savoir si, pass\u00e9 le saupoudrage du marketing, la qualit\u00e9 des produits leur suffira \u00e0 s\u2019implanter durablement.<\/p>\n","protected":false},"excerpt":{"rendered":"Abonn\u00e9s \u00ab\u00a0Les brasseries ne sont plus dans l\u2019air du temps\u00a0\u00bb\u00a0: quels sont ces nouveaux restaurants qui tirent leur&hellip;\n","protected":false},"author":2,"featured_media":616198,"comment_status":"","ping_status":"","sticky":false,"template":"","format":"standard","meta":{"footnotes":""},"categories":[2821],"tags":[1111,11,34929,829,41440,1777,674,1011,27,12,584,25],"class_list":{"0":"post-616197","1":"post","2":"type-post","3":"status-publish","4":"format-standard","5":"has-post-thumbnail","7":"category-rennes","8":"tag-actu","9":"tag-actualites","10":"tag-bloc-dossier-rennes","11":"tag-bretagne","12":"tag-decode-la-bretagne","13":"tag-eu","14":"tag-europe","15":"tag-fr","16":"tag-france","17":"tag-news","18":"tag-rennes","19":"tag-republique-francaise"},"share_on_mastodon":{"url":"","error":""},"_links":{"self":[{"href":"https:\/\/www.europesays.com\/fr\/wp-json\/wp\/v2\/posts\/616197","targetHints":{"allow":["GET"]}}],"collection":[{"href":"https:\/\/www.europesays.com\/fr\/wp-json\/wp\/v2\/posts"}],"about":[{"href":"https:\/\/www.europesays.com\/fr\/wp-json\/wp\/v2\/types\/post"}],"author":[{"embeddable":true,"href":"https:\/\/www.europesays.com\/fr\/wp-json\/wp\/v2\/users\/2"}],"replies":[{"embeddable":true,"href":"https:\/\/www.europesays.com\/fr\/wp-json\/wp\/v2\/comments?post=616197"}],"version-history":[{"count":0,"href":"https:\/\/www.europesays.com\/fr\/wp-json\/wp\/v2\/posts\/616197\/revisions"}],"wp:featuredmedia":[{"embeddable":true,"href":"https:\/\/www.europesays.com\/fr\/wp-json\/wp\/v2\/media\/616198"}],"wp:attachment":[{"href":"https:\/\/www.europesays.com\/fr\/wp-json\/wp\/v2\/media?parent=616197"}],"wp:term":[{"taxonomy":"category","embeddable":true,"href":"https:\/\/www.europesays.com\/fr\/wp-json\/wp\/v2\/categories?post=616197"},{"taxonomy":"post_tag","embeddable":true,"href":"https:\/\/www.europesays.com\/fr\/wp-json\/wp\/v2\/tags?post=616197"}],"curies":[{"name":"wp","href":"https:\/\/api.w.org\/{rel}","templated":true}]}}