{"id":616203,"date":"2025-12-22T17:11:12","date_gmt":"2025-12-22T17:11:12","guid":{"rendered":"https:\/\/www.europesays.com\/fr\/616203\/"},"modified":"2025-12-22T17:11:12","modified_gmt":"2025-12-22T17:11:12","slug":"une-enquete-ouverte-pour-homicide-involontaire-2","status":"publish","type":"post","link":"https:\/\/www.europesays.com\/fr\/616203\/","title":{"rendered":"une enqu\u00eate ouverte pour homicide involontaire"},"content":{"rendered":"<p class=\"fs-5 \">Le drame est dans tous les esprits. Nice-Matin r\u00e9v\u00e9lait ce samedi <a href=\"https:\/\/www.nicematin.com\/faits-divers\/nice-une-pietonne-decede-a-l-hopital-apres-avoir-ete-percutee-par-un-vehicule-de-la-police-municipale-10661746\" target=\"_blank\" rel=\"noopener\">qu\u2019une octog\u00e9naire avait \u00e9t\u00e9 tu\u00e9e jeudi 18 d\u00e9cembre en fin d\u2019apr\u00e8s-midi<\/a>, en plein centre-ville de Nice. Et ce, l\u2019angle de l\u2019avenue Jean-M\u00e9decin et de la rue de Paris. Un v\u00e9hicule de la police municipale qui \u00e9tait en service avait percut\u00e9 la pi\u00e9tonne. Elle est d\u00e9c\u00e9d\u00e9e des suites de ses blessures. Selon nos informations, le conducteur du v\u00e9hicule de la police municipale avait \u00e9t\u00e9 plac\u00e9 en garde \u00e0 vue.<\/p>\n<p class=\"fs-5 \">Selon le procureur de la R\u00e9publique de Nice, Damien Martinelli, qui communique ce lundi 22\u00a0d\u00e9cembre, l\u2019accident s\u2019est produit \u00e0 15h00, avenue Jean-M\u00e9decin. \u00ab Alors qu\u2019il effectuait une marge arri\u00e8re dans le cadre d\u2019une intervention, un policier municipal au volant d\u2019un v\u00e9hicule s\u00e9rigraphi\u00e9 percutait une femme \u00e2g\u00e9e de 83 ans qui traversait la chauss\u00e9e. \u00bb<\/p>\n<p>                                                                                Un d\u00e9c\u00e8s qui change la nature des investigations<\/p>\n<p class=\"fs-5 \">Le procureur pr\u00e9cise qu\u2019une enqu\u00eate a dans un premier temps \u00e9t\u00e9 ouverte du chef de \u00ab blessures involontaires \u00bb. Les analyses effectu\u00e9es sur le conducteur du v\u00e9hicule se r\u00e9v\u00e9laient n\u00e9gatives pour l\u2019alcool et les stup\u00e9fiants. Des auditions et investigations \u00e9taient r\u00e9alis\u00e9es par le SLPJ de Nice.<\/p>\n<p class=\"fs-5 \">La victime, consciente lors de l\u2019arriv\u00e9e des pompiers, et transport\u00e9e \u00e0 l\u2019h\u00f4pital, d\u00e9c\u00e9dait samedi dernier au centre hospitalier de Cannes, pr\u00e9cise le parquet. Un d\u00e9c\u00e8s qui a transform\u00e9 la nature juridique des investigations.<\/p>\n<p class=\"fs-5 \">\u00ab Les investigations se poursuivent dans le cadre de l\u2019enqu\u00eate diligent\u00e9e d\u00e9sormais pour des faits d\u2019homicide involontaire \u00bb, indique Damien Martinelli.<\/p>\n","protected":false},"excerpt":{"rendered":"Le drame est dans tous les esprits. Nice-Matin r\u00e9v\u00e9lait ce samedi qu\u2019une octog\u00e9naire avait \u00e9t\u00e9 tu\u00e9e jeudi 18&hellip;\n","protected":false},"author":2,"featured_media":616204,"comment_status":"","ping_status":"","sticky":false,"template":"","format":"standard","meta":{"footnotes":""},"categories":[2819],"tags":[1111,11,1777,674,1011,27,12,2401,882,25],"class_list":{"0":"post-616203","1":"post","2":"type-post","3":"status-publish","4":"format-standard","5":"has-post-thumbnail","7":"category-nice","8":"tag-actu","9":"tag-actualites","10":"tag-eu","11":"tag-europe","12":"tag-fr","13":"tag-france","14":"tag-news","15":"tag-nice","16":"tag-provence-alpes-cote-dazur","17":"tag-republique-francaise"},"share_on_mastodon":{"url":"https:\/\/pubeurope.com\/@fr\/115764336065257658","error":""},"_links":{"self":[{"href":"https:\/\/www.europesays.com\/fr\/wp-json\/wp\/v2\/posts\/616203","targetHints":{"allow":["GET"]}}],"collection":[{"href":"https:\/\/www.europesays.com\/fr\/wp-json\/wp\/v2\/posts"}],"about":[{"href":"https:\/\/www.europesays.com\/fr\/wp-json\/wp\/v2\/types\/post"}],"author":[{"embeddable":true,"href":"https:\/\/www.europesays.com\/fr\/wp-json\/wp\/v2\/users\/2"}],"replies":[{"embeddable":true,"href":"https:\/\/www.europesays.com\/fr\/wp-json\/wp\/v2\/comments?post=616203"}],"version-history":[{"count":0,"href":"https:\/\/www.europesays.com\/fr\/wp-json\/wp\/v2\/posts\/616203\/revisions"}],"wp:featuredmedia":[{"embeddable":true,"href":"https:\/\/www.europesays.com\/fr\/wp-json\/wp\/v2\/media\/616204"}],"wp:attachment":[{"href":"https:\/\/www.europesays.com\/fr\/wp-json\/wp\/v2\/media?parent=616203"}],"wp:term":[{"taxonomy":"category","embeddable":true,"href":"https:\/\/www.europesays.com\/fr\/wp-json\/wp\/v2\/categories?post=616203"},{"taxonomy":"post_tag","embeddable":true,"href":"https:\/\/www.europesays.com\/fr\/wp-json\/wp\/v2\/tags?post=616203"}],"curies":[{"name":"wp","href":"https:\/\/api.w.org\/{rel}","templated":true}]}}