{"id":616205,"date":"2025-12-22T17:12:13","date_gmt":"2025-12-22T17:12:13","guid":{"rendered":"https:\/\/www.europesays.com\/fr\/616205\/"},"modified":"2025-12-22T17:12:13","modified_gmt":"2025-12-22T17:12:13","slug":"100-aiglons-ogc-nice-st-etienne-2-1-et-le-retour-du-duo-rivere-cohen","status":"publish","type":"post","link":"https:\/\/www.europesays.com\/fr\/616205\/","title":{"rendered":"100% Aiglons\u00a0: OGC Nice &#8211; St-Etienne (2-1) et le retour du duo Riv\u00e8re &#8211; Cohen"},"content":{"rendered":"<p class=\"PopSlotParagraph qg-tx2 qg-xtra-lh svelte-1r0pyek\">D\u00e9cid\u00e9ment, <strong>le P\u00e8re No\u00ebl est pass\u00e9 avant le 24 d\u00e9cembre \u00e0 l&rsquo;OGC Nice<\/strong>. En cours de semaine, on apprenait <strong>le d\u00e9part de Fabrice Bocquet<\/strong> en tant que pr\u00e9sident du Gym,\u00a0<a href=\"https:\/\/www.francebleu.fr\/sports\/football\/ogc-nice-fabrice-bocquet-s-en-va-rivere-et-cohen-reprennent-la-main-3160654\" target=\"_blank\" rel=\"noopener\" class=\"\" data-testid=\"link\">remplac\u00e9 par le duo Jean-Pierre Riv\u00e8re &#8211; Maurice Cohen<\/a>. Concr\u00e8tement, <strong>qu&rsquo;est-ce que \u00e7a va changer\u00a0?<\/strong> C&rsquo;est la question qu&rsquo;on se pose dans le d\u00e9bat du jour.<\/p>\n<p class=\"qg-sr-only\" role=\"heading\" aria-level=\"3\">Pour voir ce contenu, acceptez les cookies.<\/p>\n<p class=\"ConsentNotice-description qg-tx3 svelte-m9wmt1\">Pour afficher ce contenu Dailymotion, vous devez accepter les cookies <b>Mesure d&rsquo;audience<\/b>.<br \/>Ces cookies permettent d\u2019obtenir des statistiques d\u2019audience sur nos offres afin d\u2019optimiser son ergonomie, sa navigation et ses contenus.\u202f<\/p>\n<p>  G\u00e9rer mes choix     J&rsquo;autorise  <\/p>\n<p class=\"PopSlotParagraph qg-tx2 qg-xtra-lh svelte-1r0pyek\">Et comme une bonne nouvelle n&rsquo;arrive jamais seule, <strong>le Gym a remport\u00e9 son match de Coupe de France<\/strong> (32e de finale) <strong>face \u00e0 l&rsquo;AS Saint-Etienne (2-1)<\/strong>, gr\u00e2ce \u00e0 des buts de Zoumana Diallo et de Morgan Sanson, mettant fin \u00e0 une s\u00e9rie de neuf d\u00e9faites de suite. <strong>Pour cr\u00e9er une nouvelle dynamique\u00a0?<\/strong><\/p>\n<p class=\"PopSlotParagraph qg-tx2 qg-xtra-lh svelte-1r0pyek\">A mi-parcours, on dresse <strong>nos tops et nos flops de la mi-saison<\/strong>.<\/p>\n<p class=\"PopSlotParagraph qg-tx2 qg-xtra-lh svelte-1r0pyek\">Alors que le mois de d\u00e9cembre va s&rsquo;achever, on se penche sur <strong>le prochain mercato de l&rsquo;OGC Nice<\/strong>. <strong>Avec des d\u00e9parts\u00a0?<\/strong> J\u00e9r\u00e9mie Boga et Terem Moffi ne devraient pas rester, mais quid des autres\u00a0? <strong>Dans le sens des arriv\u00e9es<\/strong>, Elye Wahi serait cibl\u00e9\u00a0: bonne id\u00e9e\u00a0?<\/p>\n<p class=\"PopSlotParagraph qg-tx2 qg-xtra-lh svelte-1r0pyek\">Dans le <strong>Nice \u00e0 part \u00e7a,<\/strong> on prend <strong>des nouvelles d&rsquo;Alexy Bosetti<\/strong>, d\u00e9sormais joueur en Italie, on parle de la <strong>cagnotte pour Tokomon Nambatingue<\/strong>, illustre attaquant des Aiglons, en difficult\u00e9 financi\u00e8re (<a href=\"https:\/\/www.leetchi.com\/fr\/c\/soutien-a-toko--pour-lui-offrir-laccompagnement-quil-merite-1668686?utm_source=native&amp;utm_medium=social_sharing&amp;utm_campaign=pot\" target=\"_blank\" rel=\"noopener noreferrer\" class=\"\" data-testid=\"link\">lien de la cagnotte en cliquant ici<\/a>), et on rend hommage \u00e0 <strong>Lucien Favre, qui vient d&rsquo;annoncer sa retraite<\/strong>.<\/p>\n<p class=\"PopSlotParagraph qg-tx2 qg-xtra-lh svelte-1r0pyek\">Autour de la table\u00a0:\u00a0<strong>Maxime Bacqui\u00e9<\/strong>\u00a0(journaliste),\u00a0<strong>Romain Genevois<\/strong>\u00a0(consultant OGC Nice et ancien aiglons),\u00a0<strong>Alexy Bosetti<\/strong>\u00a0(ancien aiglons), <strong>J\u00e9r\u00e9my<\/strong>\u00a0(supporter), et\u00a0<strong>Benjamin Pierson<\/strong>\u00a0(animateur).<\/p>\n","protected":false},"excerpt":{"rendered":"D\u00e9cid\u00e9ment, le P\u00e8re No\u00ebl est pass\u00e9 avant le 24 d\u00e9cembre \u00e0 l&rsquo;OGC Nice. En cours de semaine, on&hellip;\n","protected":false},"author":2,"featured_media":616206,"comment_status":"","ping_status":"","sticky":false,"template":"","format":"standard","meta":{"footnotes":""},"categories":[2819],"tags":[1111,11,1777,674,1011,27,12,2401,882,25],"class_list":{"0":"post-616205","1":"post","2":"type-post","3":"status-publish","4":"format-standard","5":"has-post-thumbnail","7":"category-nice","8":"tag-actu","9":"tag-actualites","10":"tag-eu","11":"tag-europe","12":"tag-fr","13":"tag-france","14":"tag-news","15":"tag-nice","16":"tag-provence-alpes-cote-dazur","17":"tag-republique-francaise"},"share_on_mastodon":{"url":"https:\/\/pubeurope.com\/@fr\/115764339889491538","error":""},"_links":{"self":[{"href":"https:\/\/www.europesays.com\/fr\/wp-json\/wp\/v2\/posts\/616205","targetHints":{"allow":["GET"]}}],"collection":[{"href":"https:\/\/www.europesays.com\/fr\/wp-json\/wp\/v2\/posts"}],"about":[{"href":"https:\/\/www.europesays.com\/fr\/wp-json\/wp\/v2\/types\/post"}],"author":[{"embeddable":true,"href":"https:\/\/www.europesays.com\/fr\/wp-json\/wp\/v2\/users\/2"}],"replies":[{"embeddable":true,"href":"https:\/\/www.europesays.com\/fr\/wp-json\/wp\/v2\/comments?post=616205"}],"version-history":[{"count":0,"href":"https:\/\/www.europesays.com\/fr\/wp-json\/wp\/v2\/posts\/616205\/revisions"}],"wp:featuredmedia":[{"embeddable":true,"href":"https:\/\/www.europesays.com\/fr\/wp-json\/wp\/v2\/media\/616206"}],"wp:attachment":[{"href":"https:\/\/www.europesays.com\/fr\/wp-json\/wp\/v2\/media?parent=616205"}],"wp:term":[{"taxonomy":"category","embeddable":true,"href":"https:\/\/www.europesays.com\/fr\/wp-json\/wp\/v2\/categories?post=616205"},{"taxonomy":"post_tag","embeddable":true,"href":"https:\/\/www.europesays.com\/fr\/wp-json\/wp\/v2\/tags?post=616205"}],"curies":[{"name":"wp","href":"https:\/\/api.w.org\/{rel}","templated":true}]}}