{"id":616207,"date":"2025-12-22T17:13:51","date_gmt":"2025-12-22T17:13:51","guid":{"rendered":"https:\/\/www.europesays.com\/fr\/616207\/"},"modified":"2025-12-22T17:13:51","modified_gmt":"2025-12-22T17:13:51","slug":"un-cine-avec-les-tout-petits-oui-oui-cest-possible-avec-la-seance-chuchotis-du-katorza-2","status":"publish","type":"post","link":"https:\/\/www.europesays.com\/fr\/616207\/","title":{"rendered":"Un cin\u00e9 avec les tout-petits\u00a0? Oui, oui c\u2019est possible avec la s\u00e9ance Chuchotis du Katorza"},"content":{"rendered":"<p>Vous n\u2019avez jamais emmen\u00e9 votre tout-petit au cin\u00e9ma\u00a0? C\u2019est l\u2019occasion ce dimanche avec la s\u00e9ance Chuchotis propos\u00e9e au Katorza. Une projection pour les enfants \u00e0 partir de 2\/3 ans. Le son est baiss\u00e9, la lumi\u00e8re tamis\u00e9e, et la dur\u00e9e assez courte\u00a0: une premi\u00e8re s\u00e9ance id\u00e9ale pour d\u00e9couvrir le cin\u00e9ma en famille.<\/p>\n<p>Ce dimanche, c\u2019est le film d\u2019animation La petite fanfare de No\u00ebl que les enfants pourront d\u00e9couvrir sur grand \u00e9cran.<\/p>\n<p><strong>Dimanche 21\u00a0d\u00e9cembre<\/strong>, \u00e0 11\u00a0h\u00a030, au Katorza. Tarif unique\u00a0: 3,90 \u20ac. Dur\u00e9e : 40 minutes<\/p>\n<p>\u00a0<\/p>\n","protected":false},"excerpt":{"rendered":"Vous n\u2019avez jamais emmen\u00e9 votre tout-petit au cin\u00e9ma\u00a0? C\u2019est l\u2019occasion ce dimanche avec la s\u00e9ance Chuchotis propos\u00e9e au&hellip;\n","protected":false},"author":2,"featured_media":611731,"comment_status":"","ping_status":"","sticky":false,"template":"","format":"standard","meta":{"footnotes":""},"categories":[2818],"tags":[1111,11,72281,1345,6664,1777,674,1011,27,33698,766,12,6283,2636,2037,25,6765,30454],"class_list":{"0":"post-616207","1":"post","2":"type-post","3":"status-publish","4":"format-standard","5":"has-post-thumbnail","7":"category-nantes","8":"tag-actu","9":"tag-actualites","10":"tag-chuchotis","11":"tag-cine","12":"tag-dimanche","13":"tag-eu","14":"tag-europe","15":"tag-fr","16":"tag-france","17":"tag-katorza","18":"tag-nantes","19":"tag-news","20":"tag-oui","21":"tag-pays-de-la-loire","22":"tag-possible","23":"tag-republique-francaise","24":"tag-seance","25":"tag-tout-petits"},"share_on_mastodon":{"url":"https:\/\/pubeurope.com\/@fr\/115764347718977553","error":""},"_links":{"self":[{"href":"https:\/\/www.europesays.com\/fr\/wp-json\/wp\/v2\/posts\/616207","targetHints":{"allow":["GET"]}}],"collection":[{"href":"https:\/\/www.europesays.com\/fr\/wp-json\/wp\/v2\/posts"}],"about":[{"href":"https:\/\/www.europesays.com\/fr\/wp-json\/wp\/v2\/types\/post"}],"author":[{"embeddable":true,"href":"https:\/\/www.europesays.com\/fr\/wp-json\/wp\/v2\/users\/2"}],"replies":[{"embeddable":true,"href":"https:\/\/www.europesays.com\/fr\/wp-json\/wp\/v2\/comments?post=616207"}],"version-history":[{"count":0,"href":"https:\/\/www.europesays.com\/fr\/wp-json\/wp\/v2\/posts\/616207\/revisions"}],"wp:featuredmedia":[{"embeddable":true,"href":"https:\/\/www.europesays.com\/fr\/wp-json\/wp\/v2\/media\/611731"}],"wp:attachment":[{"href":"https:\/\/www.europesays.com\/fr\/wp-json\/wp\/v2\/media?parent=616207"}],"wp:term":[{"taxonomy":"category","embeddable":true,"href":"https:\/\/www.europesays.com\/fr\/wp-json\/wp\/v2\/categories?post=616207"},{"taxonomy":"post_tag","embeddable":true,"href":"https:\/\/www.europesays.com\/fr\/wp-json\/wp\/v2\/tags?post=616207"}],"curies":[{"name":"wp","href":"https:\/\/api.w.org\/{rel}","templated":true}]}}